{"id":473097,"date":"2026-08-03T21:09:13","date_gmt":"2026-08-03T21:09:13","guid":{"rendered":"https:\/\/www.europesays.com\/pt\/473097\/"},"modified":"2026-08-03T21:09:13","modified_gmt":"2026-08-03T21:09:13","slug":"diomande-no-real-madrid-disseram-que-estava-fechado-mas-ainda-nao","status":"publish","type":"post","link":"https:\/\/www.europesays.com\/pt\/473097\/","title":{"rendered":"\u00abDiomande no Real Madrid? Disseram que estava fechado, mas ainda n\u00e3o\u00bb"},"content":{"rendered":"<p>O diretor desportivo do Leipzig, Marcel Sch\u00e4fer, assegurou esta segunda-feira que a poss\u00edvel transfer\u00eancia do futebolista Yan Diomande para o Real Madrid n\u00e3o est\u00e1 fechada.<\/p>\n<p>\u00ab\u00c9 evidente que um ou dois supostos especialistas em transfer\u00eancias anunciaram h\u00e1 alguns dias que o neg\u00f3cio estava fechado ou deu o \u201cHere we go [ndr: aqui vamos n\u00f3s, em alus\u00e3o a Fabrizio Romano]. Isso, simplesmente, n\u00e3o \u00e9 verdade, ainda n\u00e3o cheg\u00e1mos a esse ponto\u00bb, vincou Sch\u00e4fer, em declara\u00e7\u00f5es \u00e0 Sky Sport alem\u00e3.<\/p>\n<p>O dirigente do Leipzig explicou ainda a aus\u00eancia de Diomande do est\u00e1gio da equipa, na \u00c1ustria, este fim de semana, por estar doente. \u00abO Yan est\u00e1 a recuperar, falei com ele por telefone ontem [ndr: domingo]. Assim que estiver recuperado e se sentir pronto, vai viajar para a \u00c1ustria e juntar-se-\u00e1 a n\u00f3s. O Yan tem contrato connosco, \u00e9 nosso jogador\u00bb, afirmou.<\/p>\n<p>Sch\u00e4fer esclareceu tamb\u00e9m que uma poss\u00edvel transfer\u00eancia nunca estar\u00e1 em causa devido a uma disputa entre a antiga ag\u00eancia que representava Diomande (Maxidel) e a que o representa atualmente (Roc Nation). \u00abDo meu ponto de vista, \u00e9 um claro n\u00e3o. Isso ultrapassa o meu conhecimento. Houve uma mudan\u00e7a de agente e o nosso interlocutor, como o Yan nos informou claramente, \u00e9 a Roc Nation. N\u00e3o acredito que uma transfer\u00eancia fracassaria por causa disso, se \u00e9 que ela vai acontecer\u00bb, concluiu.<\/p>\n<p>Segundo a Sky alem\u00e3, o atacante internacional pela Costa do Marfim pretende a mudan\u00e7a para o Real Madrid, mas o Leipzig est\u00e1 firme em colocar o neg\u00f3cio nos 120 milh\u00f5es de euros, mais vari\u00e1veis.<\/p>\n<p><strong>LEIA MAIS:\u00a0<a href=\"https:\/\/maisfutebol.iol.pt\/cronologia\/6373897a0cf2254fb2824fe4\" target=\"_blank\" wbo-id=\"183\" rel=\"nofollow noopener\">tudo sobre o mercado de transfer\u00eancias<\/a><\/strong><\/p>\n","protected":false},"excerpt":{"rendered":"O diretor desportivo do Leipzig, Marcel Sch\u00e4fer, assegurou esta segunda-feira que a poss\u00edvel transfer\u00eancia do futebolista Yan Diomande&hellip;\n","protected":false},"author":2,"featured_media":473098,"comment_status":"","ping_status":"","sticky":false,"template":"","format":"standard","meta":{"footnotes":"","_share_on_mastodon":"0"},"categories":[87],"tags":[135,73395,7165,46,42,32,33,47,2007,134,35,44050],"class_list":["post-473097","post","type-post","status-publish","format-standard","has-post-thumbnail","category-desporto","tag-desporto","tag-diomande","tag-leipzig","tag-maisfutebol","tag-mercado","tag-portugal","tag-pt","tag-pura-paixao","tag-real-madrid","tag-sports","tag-transferencias","tag-yan-diomande"],"share_on_mastodon":{"url":"https:\/\/pubeurope.com\/@pt\/117033629692878375","error":""},"_links":{"self":[{"href":"https:\/\/www.europesays.com\/pt\/wp-json\/wp\/v2\/posts\/473097","targetHints":{"allow":["GET"]}}],"collection":[{"href":"https:\/\/www.europesays.com\/pt\/wp-json\/wp\/v2\/posts"}],"about":[{"href":"https:\/\/www.europesays.com\/pt\/wp-json\/wp\/v2\/types\/post"}],"author":[{"embeddable":true,"href":"https:\/\/www.europesays.com\/pt\/wp-json\/wp\/v2\/users\/2"}],"replies":[{"embeddable":true,"href":"https:\/\/www.europesays.com\/pt\/wp-json\/wp\/v2\/comments?post=473097"}],"version-history":[{"count":0,"href":"https:\/\/www.europesays.com\/pt\/wp-json\/wp\/v2\/posts\/473097\/revisions"}],"wp:featuredmedia":[{"embeddable":true,"href":"https:\/\/www.europesays.com\/pt\/wp-json\/wp\/v2\/media\/473098"}],"wp:attachment":[{"href":"https:\/\/www.europesays.com\/pt\/wp-json\/wp\/v2\/media?parent=473097"}],"wp:term":[{"taxonomy":"category","embeddable":true,"href":"https:\/\/www.europesays.com\/pt\/wp-json\/wp\/v2\/categories?post=473097"},{"taxonomy":"post_tag","embeddable":true,"href":"https:\/\/www.europesays.com\/pt\/wp-json\/wp\/v2\/tags?post=473097"}],"curies":[{"name":"wp","href":"https:\/\/api.w.org\/{rel}","templated":true}]}}