{"id":47344,"date":"2025-08-27T13:16:09","date_gmt":"2025-08-27T13:16:09","guid":{"rendered":"https:\/\/www.europesays.com\/pt\/47344\/"},"modified":"2025-08-27T13:16:09","modified_gmt":"2025-08-27T13:16:09","slug":"autores-baianos-estao-entre-semifinalistas-do-premio-oceanos-2025","status":"publish","type":"post","link":"https:\/\/www.europesays.com\/pt\/47344\/","title":{"rendered":"Autores baianos est\u00e3o entre semifinalistas do Pr\u00eamio Oceanos 2025"},"content":{"rendered":"<p>O <strong>Pr\u00eamio Oceanos<\/strong> divulgou a lista dos <strong>50 semifinalistas da edi\u00e7\u00e3o de 2025,<\/strong> reunindo obras de poesia e prosa, que inclui romance, conto, cr\u00f4nica e dramaturgia, de escritores de Angola, Brasil, Cabo Verde, Mo\u00e7ambique e Portugal.<\/p>\n<p>Entre os nomes selecionados, <strong>a Bahia aparece representada por dois autores.<\/strong> Na categoria prosa, <strong>Breno Fernandes<\/strong> foi indicado com o livro <strong>\u201cJosephine, minha neguinha\u201d (Caramur\u00ea).<\/strong> J\u00e1 na categoria poesia, o destaque \u00e9 para <strong>Negafyah,<\/strong> autora de<strong> \u201cFyah: do \u00f3dio ao amor\u201d (Mal\u00ea).<\/strong><\/p>\n<p><img fetchpriority=\"high\" decoding=\"async\" aria-describedby=\"caption-attachment-187443\" class=\"size-medium wp-image-187443\" src=\"https:\/\/www.europesays.com\/pt\/wp-content\/uploads\/2025\/08\/41FE9AEA-66F2-4D6C-A180-A0A961491377-720x480.jpeg\" alt=\"Foto: Divulga\u00e7\u00e3o\" width=\"720\" height=\"480\"  \/><\/p>\n<p id=\"caption-attachment-187443\" class=\"wp-caption-text\">Foto: Divulga\u00e7\u00e3o<\/p>\n<p>A edi\u00e7\u00e3o deste ano registrou <strong>3.142 inscri\u00e7\u00f5es, n\u00famero recorde da premia\u00e7\u00e3o,<\/strong> vindas de sete pa\u00edses da Comunidade dos Pa\u00edses de L\u00edngua Portuguesa (CPLP): <strong>Angola, Brasil, Cabo Verde, Guin\u00e9-Bissau, Mo\u00e7ambique, Portugal e S\u00e3o Tom\u00e9 e Pr\u00edncipe.<\/strong><\/p>\n<p>A avalia\u00e7\u00e3o ficou a cargo de jurados de seis na\u00e7\u00f5es: <strong>Angola, Brasil, Cabo Verde, Mo\u00e7ambique, Portugal e S\u00e3o Tom\u00e9 e Pr\u00edncipe.<\/strong><\/p>\n<p>A lista contempla <strong>25 obras de poesia e 25 de prosa,<\/strong> distribu\u00eddas entre cinco pa\u00edses, e mostra uma representatividade ampla do Brasil, com autores de 12 estados, entre eles <strong>Bahia, Cear\u00e1, Minas Gerais, Pernambuco, Rio de Janeiro, S\u00e3o Paulo e Distrito Federal.<\/strong><\/p>\n<p>O n\u00famero de editoras participantes tamb\u00e9m foi expressivo. Das <strong>488 que inscreveram<\/strong> livros, <strong>37 aparecem entre as semifinalistas,<\/strong> com sedes no Brasil, Mo\u00e7ambique e Portugal.<\/p>\n","protected":false},"excerpt":{"rendered":"O Pr\u00eamio Oceanos divulgou a lista dos 50 semifinalistas da edi\u00e7\u00e3o de 2025, reunindo obras de poesia e&hellip;\n","protected":false},"author":2,"featured_media":47345,"comment_status":"","ping_status":"","sticky":false,"template":"","format":"standard","meta":{"footnotes":""},"categories":[143],"tags":[169,114,115,170,32,33],"class_list":{"0":"post-47344","1":"post","2":"type-post","3":"status-publish","4":"format-standard","5":"has-post-thumbnail","7":"category-livros","8":"tag-books","9":"tag-entertainment","10":"tag-entretenimento","11":"tag-livros","12":"tag-portugal","13":"tag-pt"},"share_on_mastodon":{"url":"","error":""},"_links":{"self":[{"href":"https:\/\/www.europesays.com\/pt\/wp-json\/wp\/v2\/posts\/47344","targetHints":{"allow":["GET"]}}],"collection":[{"href":"https:\/\/www.europesays.com\/pt\/wp-json\/wp\/v2\/posts"}],"about":[{"href":"https:\/\/www.europesays.com\/pt\/wp-json\/wp\/v2\/types\/post"}],"author":[{"embeddable":true,"href":"https:\/\/www.europesays.com\/pt\/wp-json\/wp\/v2\/users\/2"}],"replies":[{"embeddable":true,"href":"https:\/\/www.europesays.com\/pt\/wp-json\/wp\/v2\/comments?post=47344"}],"version-history":[{"count":0,"href":"https:\/\/www.europesays.com\/pt\/wp-json\/wp\/v2\/posts\/47344\/revisions"}],"wp:featuredmedia":[{"embeddable":true,"href":"https:\/\/www.europesays.com\/pt\/wp-json\/wp\/v2\/media\/47345"}],"wp:attachment":[{"href":"https:\/\/www.europesays.com\/pt\/wp-json\/wp\/v2\/media?parent=47344"}],"wp:term":[{"taxonomy":"category","embeddable":true,"href":"https:\/\/www.europesays.com\/pt\/wp-json\/wp\/v2\/categories?post=47344"},{"taxonomy":"post_tag","embeddable":true,"href":"https:\/\/www.europesays.com\/pt\/wp-json\/wp\/v2\/tags?post=47344"}],"curies":[{"name":"wp","href":"https:\/\/api.w.org\/{rel}","templated":true}]}}