{"id":47354,"date":"2025-08-27T13:24:21","date_gmt":"2025-08-27T13:24:21","guid":{"rendered":"https:\/\/www.europesays.com\/pt\/47354\/"},"modified":"2025-08-27T13:24:21","modified_gmt":"2025-08-27T13:24:21","slug":"oficial-este-e-o-novo-t-roc-da-autoeuropa","status":"publish","type":"post","link":"https:\/\/www.europesays.com\/pt\/47354\/","title":{"rendered":"Oficial. Este \u00e9 o novo T-Roc da Autoeuropa"},"content":{"rendered":"<p>        Companhia apresentou hoje a nova vida do \u00fanico modelo produzido atualmente pela Autoeuropa.    <\/p>\n<p>A Volkswagen apresentou hoje a segunda vida do T-Roc, o \u00fanico modelo a ser produzido atualmente na f\u00e1brica da Autoeuropa, no distrito de Set\u00fabal.<\/p>\n<p>Depois de mais de 2 milh\u00f5es de unidades vendidas, e ao fim de oito anos de produ\u00e7\u00e3o, a marca alem\u00e3 apresentou hoje o novo modelo que chega aos mercados at\u00e9 ao final deste ano.<\/p>\n<p>Este \u00e9 o SUV com mais sucesso da marca a seguir ao Tiguan. Lan\u00e7ado em 2017, o modelo sofreu algumas altera\u00e7\u00f5es em 2022. Agora, a remodela\u00e7\u00e3o \u00e9 profunda. Novo design, motores h\u00edbridos, novos interiores, mais tecnologia, mais espa\u00e7o no interior e bagageira.<\/p>\n<p>As pr\u00e9-vendas arrancam no final de agosto nos primeiros pa\u00edses europeus, chegando ao mercado em novembro.<\/p>\n<p>Os pre\u00e7os come\u00e7am abaixo dos 31 mil euros para o modelo 1.5 eTSI with 85 kW\/115 PS.<\/p>\n<p>\u201cOs nossos clientes adoram este carro porque \u00e9 a combina\u00e7\u00e3o perfeita ter estilo, ser pr\u00e1tico e tecnologia. Estou convencido que a nova gera\u00e7\u00e3o do nosso bestseller global tem tudo o que \u00e9 preciso para aumentar a fasquia face ao seu antecessor\u201d, disse hoje o CEO da Volkswagen Thomas Schaffer que anunciou o lan\u00e7amento de nove novos modelos da marca na Europa at\u00e9 2027, com sete a serem totalmente el\u00e9tricos. \u201cO novo T-Roc \u00e9 um passo importante para esta jornada\u201d.<\/p>\n<p>\u201cO T-Roc n\u00e3o s\u00f3 \u00e9 um dos nossos carros mais populares, mas tamb\u00e9m um bom exemplo do que vem a\u00ed. Prova como a Volkswagen est\u00e1 a navegar a transi\u00e7\u00e3o na nossa ind\u00fastria, com produtos fortes, portef\u00f3lio diversificado e um foco claro nas necessidades do consumidor\u201d, acrescentou.<\/p>\n<p>\u00a0<\/p>\n","protected":false},"excerpt":{"rendered":"Companhia apresentou hoje a nova vida do \u00fanico modelo produzido atualmente pela Autoeuropa. A Volkswagen apresentou hoje a&hellip;\n","protected":false},"author":2,"featured_media":47355,"comment_status":"","ping_status":"","sticky":false,"template":"","format":"standard","meta":{"footnotes":""},"categories":[83],"tags":[11293,88,89,90,14166,32,33,11522,505],"class_list":{"0":"post-47354","1":"post","2":"type-post","3":"status-publish","4":"format-standard","5":"has-post-thumbnail","7":"category-empresas","8":"tag-autoeuropa","9":"tag-business","10":"tag-economy","11":"tag-empresas","12":"tag-novo-modelo","13":"tag-portugal","14":"tag-pt","15":"tag-t-roc","16":"tag-volkswagen"},"share_on_mastodon":{"url":"","error":""},"_links":{"self":[{"href":"https:\/\/www.europesays.com\/pt\/wp-json\/wp\/v2\/posts\/47354","targetHints":{"allow":["GET"]}}],"collection":[{"href":"https:\/\/www.europesays.com\/pt\/wp-json\/wp\/v2\/posts"}],"about":[{"href":"https:\/\/www.europesays.com\/pt\/wp-json\/wp\/v2\/types\/post"}],"author":[{"embeddable":true,"href":"https:\/\/www.europesays.com\/pt\/wp-json\/wp\/v2\/users\/2"}],"replies":[{"embeddable":true,"href":"https:\/\/www.europesays.com\/pt\/wp-json\/wp\/v2\/comments?post=47354"}],"version-history":[{"count":0,"href":"https:\/\/www.europesays.com\/pt\/wp-json\/wp\/v2\/posts\/47354\/revisions"}],"wp:featuredmedia":[{"embeddable":true,"href":"https:\/\/www.europesays.com\/pt\/wp-json\/wp\/v2\/media\/47355"}],"wp:attachment":[{"href":"https:\/\/www.europesays.com\/pt\/wp-json\/wp\/v2\/media?parent=47354"}],"wp:term":[{"taxonomy":"category","embeddable":true,"href":"https:\/\/www.europesays.com\/pt\/wp-json\/wp\/v2\/categories?post=47354"},{"taxonomy":"post_tag","embeddable":true,"href":"https:\/\/www.europesays.com\/pt\/wp-json\/wp\/v2\/tags?post=47354"}],"curies":[{"name":"wp","href":"https:\/\/api.w.org\/{rel}","templated":true}]}}