{"id":473673,"date":"2026-08-04T09:10:21","date_gmt":"2026-08-04T09:10:21","guid":{"rendered":"https:\/\/www.europesays.com\/pt\/473673\/"},"modified":"2026-08-04T09:10:21","modified_gmt":"2026-08-04T09:10:21","slug":"nunca-deixas-de-ser-mae-aos-98-anos-mudou-se-para-um-lar-para-cuidar-do-filho-de-80","status":"publish","type":"post","link":"https:\/\/www.europesays.com\/pt\/473673\/","title":{"rendered":"\u201cNunca deixas de ser m\u00e3e\u201d: Aos 98 anos mudou-se para um lar para cuidar do filho de 80"},"content":{"rendered":"<p>Adoramos usar a internet para descobrir hist\u00f3rias de vida inspiradoras, acompanhar tend\u00eancias e conhecer realidades diferentes das nossas. Ao longo dos \u00faltimos meses, j\u00e1 conhecemos <a target=\"_self\" rel=\"noopener noreferrer nofollow\" href=\"https:\/\/versa.iol.pt\/renda\/habitacao\/jose-trabalha-para-milionarios-mas-vive-numa-carrinha-com-a-esposa-porque-nao-consegue-pagar-uma-renda\/20260729\/6a6a29ce0cf2f6a1a1e725b7\">jovens que vivem numa carrinha<\/a>, <a target=\"_self\" rel=\"noopener noreferrer nofollow\" href=\"https:\/\/versa.iol.pt\/matias-hernandez\/casa\/esta-familia-nao-conseguia-comprar-casa-entao-construiu-uma-moradia-de-sonho-com-contentores\/20260717\/6a54f14dd34e511da0b2d03d\">fam\u00edlias que transformaram contentores<\/a> na casa dos seus sonhos, idosos que trocaram a <a target=\"_self\" rel=\"noopener noreferrer nofollow\" href=\"https:\/\/versa.iol.pt\/cabana\/renda\/tem-72-anos-construiu-a-sua-propria-cabana-para-nunca-mais-pagar-renda-e-viver-isolada\/20260710\/6a4f6e89d34e511da0b2c1a2\">cidade por uma cabana<\/a> e at\u00e9 quem seja o <a target=\"_self\" rel=\"noopener noreferrer nofollow\" href=\"https:\/\/versa.iol.pt\/fernando\/historia\/fernando-nao-paga-renda-e-escolheu-viver-sozinho-numa-aldeia-quase-abandonada-ha-17-anos\/20260623\/6a3a9751d34e28842c857ea0\">\u00fanico habitante de uma aldeia<\/a>.<\/p>\n<p>A hist\u00f3ria que te vamos contar hoje n\u00e3o envolve casas extravagantes nem um estilo de vida fora do comum, mas promete derreter at\u00e9 os cora\u00e7\u00f5es mais resistentes.<\/p>\n<p>Cruz\u00e1mo-nos com um v\u00eddeo que voltou, recentemente, a circular nas redes sociais, apesar de ter sido gravado em 2017. Em poucos dias voltou a emocionar milhares de pessoas e a somar milhares de partilhas. Mas, sejamos sinceros, seria dif\u00edcil que assim n\u00e3o fosse.<\/p>\n<p>A hist\u00f3ria foi originalmente avan\u00e7ada pelo jornal brit\u00e2nico <a target=\"_blank\" rel=\"noopener noreferrer nofollow\" href=\"https:\/\/www.liverpoolecho.co.uk\/news\/liverpool-news\/mum-aged-98-moves-care-13825533\">Liverpool Echo<\/a>, em 2017, e tem como protagonista Ada Keating, uma mulher que, na altura da grava\u00e7\u00e3o, tinha 98 anos. Natural de Liverpool, tomou uma decis\u00e3o inesperada: mudou-se para o mesmo lar onde vivia o filho, Tom Keating, na altura, de 80 anos.<\/p>\n<p>Tom passou a residir no lar Moss View, em Huyton, em 2016, depois de come\u00e7ar a precisar de mais apoio devido a problemas de sa\u00fade. Nunca se casou e viveu toda a vida com a m\u00e3e. Quando Ada percebeu que as visitas lhe sabiam a pouco, decidiu mudar-se tamb\u00e9m para o lar para continuar a estar ao lado dele todos os dias.<\/p>\n<p>A rotina dos dois rapidamente voltou a ser a de sempre. Jogavam jogos de tabuleiro, viam televis\u00e3o juntos, conversavam durante horas e Ada fazia quest\u00e3o de passar pelo quarto do filho todas as noites para lhe desejar boa noite. Sempre que sa\u00eda, Tom esperava ansiosamente pelo seu regresso.<\/p>\n<p>Questionada sobre a raz\u00e3o que a levou a tomar esta decis\u00e3o, Ada respondeu apenas: \u201cNunca deixas de ser m\u00e3e.\u201d<\/p>\n<p>\u00c9 precisamente esta frase que explica porque o v\u00eddeo continua a emocionar tantas pessoas, quase uma d\u00e9cada depois. N\u00e3o sabemos o que aconteceu \u00e0 fam\u00edlia entretanto, mas a mensagem permanece intemporal. O amor de uma m\u00e3e n\u00e3o tem idade, n\u00e3o conhece dist\u00e2ncias e, para muitas, nunca deixa verdadeiramente de existir.<\/p>\n","protected":false},"excerpt":{"rendered":"Adoramos usar a internet para descobrir hist\u00f3rias de vida inspiradoras, acompanhar tend\u00eancias e conhecer realidades diferentes das nossas.&hellip;\n","protected":false},"author":2,"featured_media":473674,"comment_status":"","ping_status":"","sticky":false,"template":"","format":"standard","meta":{"footnotes":"","_share_on_mastodon":"0"},"categories":[50],"tags":[75873,2642,1081,27,28,204,981,15,16,754,14,736,25,26,186,8204,21,22,1079,62,12,13,19,20,23,24,17,18,29,30,31,1078,1080,63,64,65],"class_list":["post-473673","post","type-post","status-publish","format-standard","has-post-thumbnail","category-mundo","tag-ada-keating","tag-amor","tag-beleza","tag-breaking-news","tag-breakingnews","tag-design","tag-familia","tag-featured-news","tag-featurednews","tag-gastronomia","tag-headlines","tag-historia","tag-latest-news","tag-latestnews","tag-lifestyle","tag-mae","tag-main-news","tag-mainnews","tag-moda","tag-mundo","tag-news","tag-noticias","tag-noticias-principais","tag-noticiasprincipais","tag-principais-noticias","tag-principaisnoticias","tag-top-stories","tag-topstories","tag-ultimas","tag-ultimas-noticias","tag-ultimasnoticias","tag-versa","tag-viagens","tag-world","tag-world-news","tag-worldnews"],"share_on_mastodon":{"url":"","error":"Validation failed: Text character limit of 500 exceeded"},"_links":{"self":[{"href":"https:\/\/www.europesays.com\/pt\/wp-json\/wp\/v2\/posts\/473673","targetHints":{"allow":["GET"]}}],"collection":[{"href":"https:\/\/www.europesays.com\/pt\/wp-json\/wp\/v2\/posts"}],"about":[{"href":"https:\/\/www.europesays.com\/pt\/wp-json\/wp\/v2\/types\/post"}],"author":[{"embeddable":true,"href":"https:\/\/www.europesays.com\/pt\/wp-json\/wp\/v2\/users\/2"}],"replies":[{"embeddable":true,"href":"https:\/\/www.europesays.com\/pt\/wp-json\/wp\/v2\/comments?post=473673"}],"version-history":[{"count":0,"href":"https:\/\/www.europesays.com\/pt\/wp-json\/wp\/v2\/posts\/473673\/revisions"}],"wp:featuredmedia":[{"embeddable":true,"href":"https:\/\/www.europesays.com\/pt\/wp-json\/wp\/v2\/media\/473674"}],"wp:attachment":[{"href":"https:\/\/www.europesays.com\/pt\/wp-json\/wp\/v2\/media?parent=473673"}],"wp:term":[{"taxonomy":"category","embeddable":true,"href":"https:\/\/www.europesays.com\/pt\/wp-json\/wp\/v2\/categories?post=473673"},{"taxonomy":"post_tag","embeddable":true,"href":"https:\/\/www.europesays.com\/pt\/wp-json\/wp\/v2\/tags?post=473673"}],"curies":[{"name":"wp","href":"https:\/\/api.w.org\/{rel}","templated":true}]}}