{"id":473689,"date":"2026-08-04T09:28:19","date_gmt":"2026-08-04T09:28:19","guid":{"rendered":"https:\/\/www.europesays.com\/pt\/473689\/"},"modified":"2026-08-04T09:28:19","modified_gmt":"2026-08-04T09:28:19","slug":"viuva-de-james-van-der-beek-faz-homenagem-no-aniversario-de-casamento-sou-eternamente-grata","status":"publish","type":"post","link":"https:\/\/www.europesays.com\/pt\/473689\/","title":{"rendered":"Vi\u00fava de James Van Der Beek faz homenagem no anivers\u00e1rio de casamento: \u201cSou eternamente grata\u201d"},"content":{"rendered":"<p>Kimberly Van Der Beek homenageou o marido, o ator norte-americano James Van Der Beek, no \u00faltimo domingo, 2, data em que o casal completaria 16 anos de casamento. Em uma publica\u00e7\u00e3o nas redes sociais, ela compartilhou fotos ao lado do artista e dos seis filhos dos dois e afirmou que continua sentindo a presen\u00e7a dele ap\u00f3s sua morte.<\/p>\n<p>\u201cH\u00e1 16 anos, fui a mulher mais sortuda do mundo por me casar com James Van Der Beek. A beleza deste casamento continua a se revelar todos os dias com todos estes filhos incr\u00edveis que temos. Ele continua presente e nos guiando. Eu sou eternamente grata\u201d, escreveu.<\/p>\n<p>Entre as imagens publicadas por Kimberly est\u00e1 um registro do ator ao lado dos filhos do casal: Olivia, Joshua, Annabel, Emilia, Gwendolyn e Jeremiah.<\/p>\n<p><a href=\"https:\/\/www.correiodopovo.com.br\/arteagenda\/james-van-der-beek-de-dawsons-creek-morre-aos-48-anos-1.1689582\" rel=\"nofollow noopener\" target=\"_blank\"><strong>James Van Der Beek morreu aos 48 anos, em fevereiro deste ano<\/strong><\/a>, em decorr\u00eancia de complica\u00e7\u00f5es de um c\u00e2ncer colorretal em est\u00e1gio 3. O diagn\u00f3stico havia sido revelado publicamente pelo ator em 2024.<\/p>\n<p>Na ocasi\u00e3o, a fam\u00edlia anunciou a morte em uma mensagem publicada nas redes sociais. \u201cNosso amado James David Van Der Beek morreu pacificamente esta manh\u00e3. Ele encarou seus dias finais com coragem, f\u00e9 e gra\u00e7a\u201d, informou.<\/p>\n<p>\u201cH\u00e1 muito a compartilhar sobre seus desejos, seu amor pela humanidade e o valor sagrado do tempo. Estes dias vir\u00e3o. Por ora, pedimos privacidade pac\u00edfica enquanto lamentamos nosso amado marido, pai, filho e amigo\u201d, completou.<\/p>\n<p>Em 2025, o ator contou que havia ignorado um dos sintomas da doen\u00e7a, a mesma de Preta Gil (1974-2025), antes de receber o diagn\u00f3stico.<\/p>\n<p>Conhecido mundialmente por interpretar Dawson Leery na s\u00e9rie Dawson\u2019s Creek, exibida entre 1998 e 2003, Van Der Beek tamb\u00e9m atuou no filme Marca\u00e7\u00e3o Cerrada (1999). Nos \u00faltimos anos, dedicou-se a trabalhos de dublagem, entre eles a s\u00e9rie Vampirinha (2017) e o longa Outro Amor Fora do Tempo (2025).<\/p>\n<p>Veja Tamb\u00e9m<\/p>\n","protected":false},"excerpt":{"rendered":"Kimberly Van Der Beek homenageou o marido, o ator norte-americano James Van Der Beek, no \u00faltimo domingo, 2,&hellip;\n","protected":false},"author":2,"featured_media":473690,"comment_status":"","ping_status":"","sticky":false,"template":"","format":"standard","meta":{"footnotes":"","_share_on_mastodon":"0"},"categories":[145],"tags":[3428,211,210,114,115,997,21325,32,33,11383],"class_list":["post-473689","post","type-post","status-publish","format-standard","has-post-thumbnail","category-celebridades","tag-arte-agenda","tag-celebridades","tag-celebrities","tag-entertainment","tag-entretenimento","tag-homenagem","tag-james-van-der-beek","tag-portugal","tag-pt","tag-viuva"],"share_on_mastodon":{"url":"https:\/\/pubeurope.com\/@pt\/117036535167727570","error":""},"_links":{"self":[{"href":"https:\/\/www.europesays.com\/pt\/wp-json\/wp\/v2\/posts\/473689","targetHints":{"allow":["GET"]}}],"collection":[{"href":"https:\/\/www.europesays.com\/pt\/wp-json\/wp\/v2\/posts"}],"about":[{"href":"https:\/\/www.europesays.com\/pt\/wp-json\/wp\/v2\/types\/post"}],"author":[{"embeddable":true,"href":"https:\/\/www.europesays.com\/pt\/wp-json\/wp\/v2\/users\/2"}],"replies":[{"embeddable":true,"href":"https:\/\/www.europesays.com\/pt\/wp-json\/wp\/v2\/comments?post=473689"}],"version-history":[{"count":0,"href":"https:\/\/www.europesays.com\/pt\/wp-json\/wp\/v2\/posts\/473689\/revisions"}],"wp:featuredmedia":[{"embeddable":true,"href":"https:\/\/www.europesays.com\/pt\/wp-json\/wp\/v2\/media\/473690"}],"wp:attachment":[{"href":"https:\/\/www.europesays.com\/pt\/wp-json\/wp\/v2\/media?parent=473689"}],"wp:term":[{"taxonomy":"category","embeddable":true,"href":"https:\/\/www.europesays.com\/pt\/wp-json\/wp\/v2\/categories?post=473689"},{"taxonomy":"post_tag","embeddable":true,"href":"https:\/\/www.europesays.com\/pt\/wp-json\/wp\/v2\/tags?post=473689"}],"curies":[{"name":"wp","href":"https:\/\/api.w.org\/{rel}","templated":true}]}}