{"id":473745,"date":"2026-08-04T10:15:44","date_gmt":"2026-08-04T10:15:44","guid":{"rendered":"https:\/\/www.europesays.com\/pt\/473745\/"},"modified":"2026-08-04T10:15:44","modified_gmt":"2026-08-04T10:15:44","slug":"oruam-tem-prisao-revogada-pela-justica-entenda-nova-fase","status":"publish","type":"post","link":"https:\/\/www.europesays.com\/pt\/473745\/","title":{"rendered":"Oruam tem pris\u00e3o revogada pela Justi\u00e7a; entenda nova fase"},"content":{"rendered":"<p class=\"wp-block-paragraph\">Depois de semanas cercado por uma batalha judicial, Oruam come\u00e7a uma nova fase longe da condi\u00e7\u00e3o de foragido. O rapper Mauro Davi dos Santos Nepomuceno teve o mandado de pris\u00e3o preventiva revogado pela Justi\u00e7a do Rio. Agora, ele passa a acompanhar o processo em liberdade, enquanto enfrenta os pr\u00f3ximos cap\u00edtulos da disputa jur\u00eddica.<\/p>\n<p class=\"has-luminous-vivid-orange-color has-text-color has-link-color wp-elements-4c3c07dcf2c695b6ae7266fa4eb416d2 wp-block-paragraph\"><strong><a href=\"https:\/\/ofuxico.com.br\/noticias\/justica-concede-novo-habeas-corpus-a-mae-de-oruam-em-caso-ligado-ao-cv\/\" rel=\"nofollow noopener\" target=\"_blank\">M\u00e3e de Oruam conseguiu habeas corpus bem antes do filho<\/a><\/strong><\/p>\n<p class=\"wp-block-paragraph\">A decis\u00e3o foi tomada pela 3\u00aa Vara Criminal da Capital, do III Tribunal do J\u00fari. Com isso, a acusa\u00e7\u00e3o mais grave contra o artista deixou de avan\u00e7ar na Justi\u00e7a especializada.<\/p>\n<p><strong>O que muda na vida de Oruam ap\u00f3s a decis\u00e3o<\/strong><\/p>\n<p class=\"wp-block-paragraph\">Desde que a pris\u00e3o preventiva foi decretada, Oruam era considerado foragido e passou a ser procurado pelas autoridades. Entretanto, ap\u00f3s a nova decis\u00e3o judicial, essa situa\u00e7\u00e3o chegou ao fim.<\/p>\n<p class=\"wp-block-paragraph\">Segundo a ju\u00edza Tula Corr\u00eaa de Mello, n\u00e3o havia elementos suficientes para manter a acusa\u00e7\u00e3o de tentativa de homic\u00eddio contra dois policiais civis. Al\u00e9m disso, a magistrada afirmou que n\u00e3o foi comprovado que o rapper teria assumido o risco de matar os agentes.<\/p>\n<p class=\"has-luminous-vivid-orange-color has-text-color has-link-color wp-elements-68c9709fd25f2ba4ccf56bd188513a3d wp-block-paragraph\"><a href=\"https:\/\/ofuxico.com.br\/noticias\/oruam-e-solto-apos-dois-meses-de-prisao-no-rio-de-janeiro\/\" rel=\"nofollow noopener\" target=\"_blank\"><strong>Oruam, preso anteriormente, ficou dois meses encarcerado<\/strong><\/a><br \/><strong><a href=\"https:\/\/ofuxico.com.br\/noticias\/juiza-mantem-prisao-de-oruam-e-aponta-5-motivos-saiba\/\" rel=\"nofollow noopener\" target=\"_blank\">Por que a Justi\u00e7a n\u00e3o deu tr\u00e9gua para Oruam?<\/a><\/strong><br \/><strong><a href=\"https:\/\/ofuxico.com.br\/noticias\/onde-esta-oruam-audiencia-e-julgamento-ganham-nova-data\/\" rel=\"nofollow noopener\" target=\"_blank\">Onde Oruam ficou escondido por tanto tempo? <\/a><\/strong><\/p>\n<p class=\"wp-block-paragraph\">A investiga\u00e7\u00e3o envolve um epis\u00f3dio ocorrido durante o cumprimento de um mandado de busca e apreens\u00e3o contra um adolescente suspeito de envolvimento com o tr\u00e1fico de drogas. Na ocasi\u00e3o, a acusa\u00e7\u00e3o apontava que Oruam teria jogado uma pedra de 4,85 kg contra os policiais.<\/p>\n<p class=\"wp-block-paragraph\">Por\u00e9m, para a Justi\u00e7a, n\u00e3o ficou comprovado que o artista foi respons\u00e1vel pelo arremesso do objeto. Dessa forma, o caso ser\u00e1 encaminhado para uma vara criminal comum.<\/p>\n<p><strong>Rapper ainda responde por outros crimes<\/strong><\/p>\n<p class=\"wp-block-paragraph\">Apesar da revoga\u00e7\u00e3o da pris\u00e3o preventiva, Oruam ainda responde por outras acusa\u00e7\u00f5es. Entre elas est\u00e3o amea\u00e7a, dano qualificado, resist\u00eancia, desacato e les\u00e3o corporal.<\/p>\n<p class=\"wp-block-paragraph\">Al\u00e9m disso, a decis\u00e3o n\u00e3o representa o encerramento do processo. Portanto, o rapper continuar\u00e1 acompanhando as etapas da a\u00e7\u00e3o judicial e poder\u00e1 apresentar sua defesa durante o andamento do caso.<\/p>\n<p class=\"wp-block-paragraph\">A mudan\u00e7a, contudo, representa uma altera\u00e7\u00e3o importante na rotina do artista. Afinal, Oruam deixa de enfrentar a restri\u00e7\u00e3o mais severa determinada pela Justi\u00e7a at\u00e9 o momento.<\/p>\n<p><strong>Fam\u00edlia celebra decis\u00e3o judicial<\/strong><\/p>\n<p class=\"wp-block-paragraph\">Nas redes sociais, a m\u00e3e do rapper, M\u00e1rcia Gama Nepomuceno, comemorou a decis\u00e3o e afirmou que o filho venceu mais uma batalha.<\/p>\n<p class=\"wp-block-paragraph\">\u201cH\u00e1 batalhas que precisamos atravessar na ra\u00e7a, com f\u00e9 e de joelhos diante de Deus. Esse tempo de deserto, tanto para mim, quanto para toda a minha fam\u00edlia, nos trouxe muitas li\u00e7\u00f5es\u201d, escreveu.<\/p>\n<p class=\"has-luminous-vivid-orange-color has-text-color has-link-color wp-elements-fb99183775ebde478fc76829780518b5 wp-block-paragraph\"><a href=\"https:\/\/chat.whatsapp.com\/FnDWEihz4meDvhNL3hsfMi\" target=\"_blank\" rel=\"noreferrer noopener nofollow\"><strong>Receba as not\u00edcias de OFuxico no seu celular!<\/strong><\/a><strong>\u00a0\u00a0<\/strong><\/p>\n<p class=\"wp-block-paragraph\">Al\u00e9m disso, M\u00e1rcia afirmou que o per\u00edodo dif\u00edcil trouxe aprendizados para a fam\u00edlia. Segundo ela, os desafios tamb\u00e9m serviram como momento de amadurecimento.<\/p>\n<p class=\"wp-block-paragraph\">Agora, Oruam segue com a carreira art\u00edstica e acompanha o processo judicial em uma nova etapa. Enquanto isso, a Justi\u00e7a ainda analisar\u00e1 os demais pontos da acusa\u00e7\u00e3o apresentada contra o rapper.<\/p>\n<blockquote class=\"instagram-media\" data-instgrm-captioned=\"\" data-instgrm-permalink=\"https:\/\/www.instagram.com\/p\/Dbfsic6kYD0\/?utm_source=ig_embed&amp;utm_campaign=loading\" data-instgrm-version=\"14\" style=\" background:#FFF; border:0; border-radius:3px; box-shadow:0 0 1px 0 rgba(0,0,0,0.5),0 1px 10px 0 rgba(0,0,0,0.15); margin: 1px; max-width:540px; min-width:326px; padding:0; width:99.375%; width:-webkit-calc(100% - 2px); width:calc(100% - 2px);\"\/>\n<p>                <script async src=\"\/\/www.instagram.com\/embed.js\"><\/script><\/p>\n","protected":false},"excerpt":{"rendered":"Depois de semanas cercado por uma batalha judicial, Oruam come\u00e7a uma nova fase longe da condi\u00e7\u00e3o de foragido.&hellip;\n","protected":false},"author":2,"featured_media":473746,"comment_status":"","ping_status":"","sticky":false,"template":"","format":"standard","meta":{"footnotes":"","_share_on_mastodon":"0"},"categories":[141],"tags":[114,115,603,149,150,32,694,33],"class_list":["post-473745","post","type-post","status-publish","format-standard","has-post-thumbnail","category-musica","tag-entertainment","tag-entretenimento","tag-justica","tag-music","tag-musica","tag-portugal","tag-prisao","tag-pt"],"share_on_mastodon":{"url":"https:\/\/pubeurope.com\/@pt\/117036720297001695","error":""},"_links":{"self":[{"href":"https:\/\/www.europesays.com\/pt\/wp-json\/wp\/v2\/posts\/473745","targetHints":{"allow":["GET"]}}],"collection":[{"href":"https:\/\/www.europesays.com\/pt\/wp-json\/wp\/v2\/posts"}],"about":[{"href":"https:\/\/www.europesays.com\/pt\/wp-json\/wp\/v2\/types\/post"}],"author":[{"embeddable":true,"href":"https:\/\/www.europesays.com\/pt\/wp-json\/wp\/v2\/users\/2"}],"replies":[{"embeddable":true,"href":"https:\/\/www.europesays.com\/pt\/wp-json\/wp\/v2\/comments?post=473745"}],"version-history":[{"count":0,"href":"https:\/\/www.europesays.com\/pt\/wp-json\/wp\/v2\/posts\/473745\/revisions"}],"wp:featuredmedia":[{"embeddable":true,"href":"https:\/\/www.europesays.com\/pt\/wp-json\/wp\/v2\/media\/473746"}],"wp:attachment":[{"href":"https:\/\/www.europesays.com\/pt\/wp-json\/wp\/v2\/media?parent=473745"}],"wp:term":[{"taxonomy":"category","embeddable":true,"href":"https:\/\/www.europesays.com\/pt\/wp-json\/wp\/v2\/categories?post=473745"},{"taxonomy":"post_tag","embeddable":true,"href":"https:\/\/www.europesays.com\/pt\/wp-json\/wp\/v2\/tags?post=473745"}],"curies":[{"name":"wp","href":"https:\/\/api.w.org\/{rel}","templated":true}]}}