{"id":47380,"date":"2025-08-27T13:50:23","date_gmt":"2025-08-27T13:50:23","guid":{"rendered":"https:\/\/www.europesays.com\/pt\/47380\/"},"modified":"2025-08-27T13:50:23","modified_gmt":"2025-08-27T13:50:23","slug":"cristina-ferreira-de-olhar-brilhante-com-distincao-poderosa-foi-preciso-nao-ter-medo-big-brother","status":"publish","type":"post","link":"https:\/\/www.europesays.com\/pt\/47380\/","title":{"rendered":"Cristina Ferreira de \u201colhar brilhante\u201d com distin\u00e7\u00e3o poderosa: &#8220;Foi preciso n\u00e3o ter medo&#8221; &#8211; Big Brother"},"content":{"rendered":"<p>Cristina Ferreira recebeu esta ter\u00e7a-feira, dia 26 de agosto, uma distin\u00e7\u00e3o que <a href=\"https:\/\/tvi.iol.pt\/bigbrother\/cristina-ferreira\/joao-monteiro\/cristina-ferreira-faz-partilha-sobre-amar-a-serio-e-joao-monteiro-reage\" rel=\"nofollow noopener\" target=\"_blank\">a deixou emocionada e orgulhosa<\/a> do seu percurso at\u00e9 aqui: \u00ab<strong>A Forbes lan\u00e7ou hoje a lista das 50 mulheres portuguesas mais poderosas na \u00e1rea empresaria<\/strong>l\u00bb, revelou no Instagram.\u00a0<\/p>\n<p>\u00abConfesso que esta distin\u00e7\u00e3o me deixa de olhar brilhante porque deu e d\u00e1 muito trabalho. Foi preciso arriscar, n\u00e3o ter medo, avan\u00e7ar quando diziam que n\u00e3o, tomar decis\u00f5es sozinha e no meu sil\u00eancio\u00bb, acrescentou a diretora de entretenimento e fic\u00e7\u00e3o da TVI.\u00a0<\/p>\n<blockquote class=\"instagram-media\" data-instgrm-captioned=\"\" data-instgrm-permalink=\"https:\/\/www.instagram.com\/p\/DN1E7bGWPrA\/?utm_source=ig_embed&amp;utm_campaign=loading\" data-instgrm-version=\"14\" style=\" background:#FFF; border:0; border-radius:3px; box-shadow:0 0 1px 0 rgba(0,0,0,0.5),0 1px 10px 0 rgba(0,0,0,0.15); margin: 1px; max-width:540px; min-width:326px; padding:0; width:99.375%; width:-webkit-calc(100% - 2px); width:calc(100% - 2px);\">\n<\/blockquote>\n<p>\u00a0<\/p>\n<p>A apresentadora continuou: \u00abDos meus pais herdei a for\u00e7a do trabalho, a maior de todas as heran\u00e7as. Fazer crescer qualquer projecto \u00e9 entusiasmante, o mais recente \u00e9 a GIRA, que leva mais um ano de trabalho e que tem tido um feedback incr\u00edvel\u00bb.\u00a0<\/p>\n<p>\u00ab<a href=\"https:\/\/tvi.iol.pt\/bigbrother\/video\/cristina-ferreira-para-luis-goncalves-gostei-tanto-de-andar-aqui-a-discutir-contigo\/68ad91160cf2ba9f720f1b85\" rel=\"nofollow noopener\" target=\"_blank\">Eu sou apresentadora de televis\u00e3o <\/a>mas, confesso, gosto muito de ser empres\u00e1ria. Obrigada a quem me tem ajudado tanto neste caminho\u00bb, rematou Cristina Ferreira.<\/p>\n<p>A publica\u00e7\u00e3o recebeu uma onda de elogios e mensagens a parabenizar Cristina Ferreira pelo seu percurso. Entra elas, <strong>destacamos o coment\u00e1rio profundo de Marco Costa,<\/strong> ex-concorrente de reality-shows e pasteleiro de sucesso: \u00ab\u00c9s enorme! Inspira\u00e7\u00e3o para todos, n\u00e3o s\u00f3\u00a0para mulheres mas para todos os que sonham e acreditam que o trabalho nos leva a algum lado\u00bb.<\/p>\n<p>Percorra a galeria de fotografias que prepar\u00e1mos para si e descubra o que Cristina Ferreira n\u00e3o abdica de fazer <a href=\"https:\/\/tvi.iol.pt\/bigbrother\/cristina-ferreira\/21-08-2025\/os-dois-alimentos-que-cristina-ferreira-tirou-do-pequeno-almoco-para-ficar-em-forma-aos-47-anos\" rel=\"nofollow noopener\" target=\"_blank\">para continuar no seu melhor aos 47 anos.\u00a0<\/a><\/p>\n<p>                        <script async src=\"\/\/www.instagram.com\/embed.js\"><\/script><\/p>\n","protected":false},"excerpt":{"rendered":"Cristina Ferreira recebeu esta ter\u00e7a-feira, dia 26 de agosto, uma distin\u00e7\u00e3o que a deixou emocionada e orgulhosa do&hellip;\n","protected":false},"author":2,"featured_media":47381,"comment_status":"","ping_status":"","sticky":false,"template":"","format":"standard","meta":{"footnotes":""},"categories":[142],"tags":[331,48,329,333,328,335,166,336,114,115,334,332,330,13,32,33,151,162,227],"class_list":{"0":"post-47380","1":"post","2":"type-post","3":"status-publish","4":"format-standard","5":"has-post-thumbnail","7":"category-tv","8":"tag-big","9":"tag-big-brother","10":"tag-claudio-ramos","11":"tag-comentadores","12":"tag-concorrentes","13":"tag-confrontos","14":"tag-cristina-ferreira","15":"tag-discussoes","16":"tag-entertainment","17":"tag-entretenimento","18":"tag-exclusivos","19":"tag-expulso","20":"tag-gala","21":"tag-noticias","22":"tag-portugal","23":"tag-pt","24":"tag-tv","25":"tag-tvi","26":"tag-videos"},"share_on_mastodon":{"url":"","error":""},"_links":{"self":[{"href":"https:\/\/www.europesays.com\/pt\/wp-json\/wp\/v2\/posts\/47380","targetHints":{"allow":["GET"]}}],"collection":[{"href":"https:\/\/www.europesays.com\/pt\/wp-json\/wp\/v2\/posts"}],"about":[{"href":"https:\/\/www.europesays.com\/pt\/wp-json\/wp\/v2\/types\/post"}],"author":[{"embeddable":true,"href":"https:\/\/www.europesays.com\/pt\/wp-json\/wp\/v2\/users\/2"}],"replies":[{"embeddable":true,"href":"https:\/\/www.europesays.com\/pt\/wp-json\/wp\/v2\/comments?post=47380"}],"version-history":[{"count":0,"href":"https:\/\/www.europesays.com\/pt\/wp-json\/wp\/v2\/posts\/47380\/revisions"}],"wp:featuredmedia":[{"embeddable":true,"href":"https:\/\/www.europesays.com\/pt\/wp-json\/wp\/v2\/media\/47381"}],"wp:attachment":[{"href":"https:\/\/www.europesays.com\/pt\/wp-json\/wp\/v2\/media?parent=47380"}],"wp:term":[{"taxonomy":"category","embeddable":true,"href":"https:\/\/www.europesays.com\/pt\/wp-json\/wp\/v2\/categories?post=47380"},{"taxonomy":"post_tag","embeddable":true,"href":"https:\/\/www.europesays.com\/pt\/wp-json\/wp\/v2\/tags?post=47380"}],"curies":[{"name":"wp","href":"https:\/\/api.w.org\/{rel}","templated":true}]}}