{"id":473835,"date":"2026-08-04T11:37:28","date_gmt":"2026-08-04T11:37:28","guid":{"rendered":"https:\/\/www.europesays.com\/pt\/473835\/"},"modified":"2026-08-04T11:37:28","modified_gmt":"2026-08-04T11:37:28","slug":"oppo-lanca-celular-com-bateria-de-10-000-mah-e-protecao-contra-agua","status":"publish","type":"post","link":"https:\/\/www.europesays.com\/pt\/473835\/","title":{"rendered":"OPPO lan\u00e7a celular com bateria de 10.000 mAh e prote\u00e7\u00e3o contra \u00e1gua"},"content":{"rendered":"<p>A<strong> OPPO<\/strong> lan\u00e7ou um novo celular com foco em dura\u00e7\u00e3o de bateria nesta ter\u00e7a-feira (4), o <strong>A7 Pro Max 5G<\/strong>, Ele traz uma mega bateria de <strong>10.000 mAh<\/strong>, maior capacidade j\u00e1 usada pela fabricante em um smartphone. O modelo tamb\u00e9m estreia com um novo processador fabricdo pela Qualcomm e ainda traz uma <strong>s\u00e9rie de prote\u00e7\u00f5es<\/strong> contra \u00e1gua e poeira. Por enquanto, o lan\u00e7amento est\u00e1 restrito ao mercado chin\u00eas.<\/p>\n<p>O que o celular oferece?<\/p>\n<p>A bateria \u00e9 feito em sil\u00edcio-carbono desenvolvida pela OPPO para acomodar os <strong>10.000 mAh<\/strong> em um \u00fanico compartimento. Segundo testes da fabricante, o componente pode conservar pelo menos 80% de sua capacidade ap\u00f3s<strong> 1.500 ciclos<\/strong> completos. Isso corresponderia a cerca de sete anos de uso, considerando uma recarga completa a cada dois dias.<\/p>\n<p>O aparelho ainda oferece carregamento SuperVOOC e UFCS de <strong>80W<\/strong>, al\u00e9m de recarga reversa de 27W para alimentar outros dispositivos. Apesar da enorme bateria, o A7 Pro Max tem <strong>8,57 mm de espessura<\/strong> e pesa entre 224 e 226 gramas, dependendo da cor. A constru\u00e7\u00e3o recebeu as certifica\u00e7\u00f5es IP66, <a class=\"lib tg-lib\" href=\"https:\/\/www.oficinadanet.com.br\/tecnologia\/42732-ip-explicando-resistencia-a-agua\" rel=\"nofollow noopener\" target=\"_blank\">IP68<\/a>, IP69 e <strong>IP69K<\/strong>.<\/p>\n<p>                        <img decoding=\"async\" loading=\"lazy\" width=\"330\" height=\"186\" src=\"https:\/\/www.europesays.com\/pt\/wp-content\/uploads\/2026\/08\/oppo-a7.jpg\"  alt=\"Novo OPPO A7 Pro Max estreia com bateria de 10.000 mAh (Foto: divulga\u00e7\u00e3o).\" title=\"Novo OPPO A7 Pro Max estreia com bateria de 10.000 mAh (Foto: divulga\u00e7\u00e3o).\"\/><br \/>\n                    Novo OPPO A7 Pro Max estreia com bateria de 10.000 mAh (Foto: divulga\u00e7\u00e3o).<\/p>\n<p>O celular \u00e9 o primeiro a sair de f\u00e1brica com o <strong>Snapdragon 4 Gen 5<\/strong>, produzido pela TSMC em processo de 4 <a class=\"lib tg-lib\" href=\"https:\/\/www.oficinadanet.com.br\/onresponde\/64366-o-que-e-nanometros\" rel=\"nofollow noopener\" target=\"_blank\">nan\u00f4metros<\/a>. O chip possui dois n\u00facleos Cortex-A78 de at\u00e9 2,4 GHz, seis Cortex-A55 de at\u00e9 2,0 GHz e GPU Adreno 629. O hardware ainda tem vers\u00f5es com at\u00e9 12GB de <a class=\"lib tg-lib\" href=\"https:\/\/www.oficinadanet.com.br\/onresponde\/65111-o-que-e-memoria-ram-celular\" rel=\"nofollow noopener\" target=\"_blank\">RAM<\/a> e 512GB de armazenamento interno.<\/p>\n<p>Na parte frontal h\u00e1 uma tela <a class=\"lib tg-lib\" href=\"https:\/\/www.oficinadanet.com.br\/tecnologia\/48143-telas-amoled\" rel=\"nofollow noopener\" target=\"_blank\">AMOLED<\/a> de <strong>6,78 polegadas<\/strong> FHD+ de 120 Hz. O painel reproduz cores em 10 bits e alcan\u00e7a at\u00e9<strong> 1.800 nits <\/strong>de brilho. J\u00e1 em c\u00e2meras, usa uma lente principal de<strong> 50 MP<\/strong> com estabiliza\u00e7\u00e3o \u00f3ptica e um sensor monocrom\u00e1tico de <strong>2 MP<\/strong>. A c\u00e2mera frontal tamb\u00e9m possui <strong>50 MP<\/strong>.<\/p>\n<p>Pre\u00e7o e disponibilidade<\/p>\n<p>O OPPO A7 Pro Max ser\u00e1 vendido na China nas cores azul, laranja e preto. A vers\u00e3o com <strong>8 GB<\/strong> de RAM e 128 GB de armazenamento custa 2.199 yuans, cerca de R$ 1.680 em convers\u00e3o direta. O modelo com <strong>12 GB <\/strong>e 256 GB sai por 2.699 yuans, aproximadamente R$ 2.060. J\u00e1 a configura\u00e7\u00e3o de 12 GB e 512 GB custa 2.999 yuans, perto de<strong> R$ 2.290<\/strong>.<\/p>\n<p>As vendas come\u00e7am em<strong> 7 de agosto<\/strong> no mercado chin\u00eas. Infelizmente, ainda n\u00e3o temos previs\u00e3o de lan\u00e7amento aqui no <strong>Brasil<\/strong>.<\/p>\n<p><a href=\"https:\/\/www.gizmochina.com\/2026\/08\/04\/oppo-a7-pro-max-launched-price-specifications\/\" class=\"tg-link-manual\" rel=\"nofollow  noopener\" target=\"_blank\">Fonte <\/a><\/p>\n","protected":false},"excerpt":{"rendered":"A OPPO lan\u00e7ou um novo celular com foco em dura\u00e7\u00e3o de bateria nesta ter\u00e7a-feira (4), o A7 Pro&hellip;\n","protected":false},"author":2,"featured_media":473836,"comment_status":"","ping_status":"","sticky":false,"template":"","format":"standard","meta":{"footnotes":"","_share_on_mastodon":"0"},"categories":[84],"tags":[109,107,108,13,13070,73067,32,33,105,103,104,954,106,110],"class_list":["post-473835","post","type-post","status-publish","format-standard","has-post-thumbnail","category-ciencia-e-tecnologia","tag-ciencia","tag-ciencia-e-tecnologia","tag-cienciaetecnologia","tag-noticias","tag-oppo","tag-oppo-a7-pro-max","tag-portugal","tag-pt","tag-science","tag-science-and-technology","tag-scienceandtechnology","tag-smartphones","tag-technology","tag-tecnologia"],"share_on_mastodon":{"url":"https:\/\/pubeurope.com\/@pt\/117037043263953920","error":""},"_links":{"self":[{"href":"https:\/\/www.europesays.com\/pt\/wp-json\/wp\/v2\/posts\/473835","targetHints":{"allow":["GET"]}}],"collection":[{"href":"https:\/\/www.europesays.com\/pt\/wp-json\/wp\/v2\/posts"}],"about":[{"href":"https:\/\/www.europesays.com\/pt\/wp-json\/wp\/v2\/types\/post"}],"author":[{"embeddable":true,"href":"https:\/\/www.europesays.com\/pt\/wp-json\/wp\/v2\/users\/2"}],"replies":[{"embeddable":true,"href":"https:\/\/www.europesays.com\/pt\/wp-json\/wp\/v2\/comments?post=473835"}],"version-history":[{"count":0,"href":"https:\/\/www.europesays.com\/pt\/wp-json\/wp\/v2\/posts\/473835\/revisions"}],"wp:featuredmedia":[{"embeddable":true,"href":"https:\/\/www.europesays.com\/pt\/wp-json\/wp\/v2\/media\/473836"}],"wp:attachment":[{"href":"https:\/\/www.europesays.com\/pt\/wp-json\/wp\/v2\/media?parent=473835"}],"wp:term":[{"taxonomy":"category","embeddable":true,"href":"https:\/\/www.europesays.com\/pt\/wp-json\/wp\/v2\/categories?post=473835"},{"taxonomy":"post_tag","embeddable":true,"href":"https:\/\/www.europesays.com\/pt\/wp-json\/wp\/v2\/tags?post=473835"}],"curies":[{"name":"wp","href":"https:\/\/api.w.org\/{rel}","templated":true}]}}