{"id":474091,"date":"2026-08-04T15:22:19","date_gmt":"2026-08-04T15:22:19","guid":{"rendered":"https:\/\/www.europesays.com\/pt\/474091\/"},"modified":"2026-08-04T15:22:19","modified_gmt":"2026-08-04T15:22:19","slug":"da-grecia-para-o-trabalho-ana-hickmann-encerra-ferias-e-retoma-rotina-no-brasil-record","status":"publish","type":"post","link":"https:\/\/www.europesays.com\/pt\/474091\/","title":{"rendered":"Da Gr\u00e9cia para o trabalho! Ana Hickmann encerra f\u00e9rias e retoma rotina no Brasil \u2013 Record"},"content":{"rendered":"<p><img decoding=\"async\" data-chromatic=\"ignore\" alt=\"\" class=\"c-image\" loading=\"lazy\" src=\"https:\/\/www.europesays.com\/pt\/wp-content\/uploads\/2026\/08\/BHD5YCMKDZDMNADP6UF6UGHTNA.png\"  width=\"677\" height=\"369\"\/>Ana Hickmann compartilha momentos de dedica\u00e7\u00e3o \u00e0s atividades manuais Reprodu\u00e7\u00e3o\/Instagram <\/p>\n<p class=\"jarvics:base-text-neutral-high-400 xovem:base-text-dark-high-400 base-text-[calc(theme(fontSize.xs)_*_var(--font-size,_1))] base-font-normal base-font-primary base-text-neutral-low-500 base-text-left\">Adeus, Gr\u00e9cia; ol\u00e1, Brasil! Para a alegria dos telespectadores do <a href=\"https:\/\/record.r7.com\/hoje-em-dia\/\" target=\"_self\" rel=\"nofollow noopener\" title=\"https:\/\/record.r7.com\/hoje-em-dia\/\"><b>Hoje em Dia<\/b><\/a>, as f\u00e9rias de <b>Ana Hickmann<\/b> chegaram ao fim. A apresentadora n\u00e3o apenas retomou o comando do programa na TV, como tamb\u00e9m voltou a se dedicar \u00e0s atividades manuais.<\/p>\n<p class=\"jarvics:base-text-neutral-high-400 xovem:base-text-dark-high-400 base-text-[calc(theme(fontSize.xs)_*_var(--font-size,_1))] base-font-normal base-font-primary base-text-neutral-low-500 base-text-left\">Nas redes sociais, Ana Hickmann compartilhou um v\u00eddeo que re\u00fane seus momentos de dedica\u00e7\u00e3o ao trabalho. Na legenda, a apresentadora celebrou o retorno: \u201cAcabaram as f\u00e9rias, agora voltei, Ana modo trabalho. Bora!\u201d.<\/p>\n<p class=\"jarvics:base-text-neutral-high-400 xovem:base-text-dark-high-400 base-text-[calc(theme(fontSize.xs)_*_var(--font-size,_1))] base-font-normal base-font-primary base-text-neutral-low-500 base-text-left\">Os internautas ficaram impressionados, uma comentou no post: \u201cImagina ser boa em tudo o que faz e n\u00e3o poder dizer \u2018n\u00e3o sei fazer isso\u2019\u201d. <\/p>\n<p class=\"jarvics:base-text-neutral-high-400 xovem:base-text-dark-high-400 base-text-[calc(theme(fontSize.xs)_*_var(--font-size,_1))] base-font-normal base-font-primary base-text-neutral-low-500 base-text-left\">Outra escreveu: \u201cNem toda princesa usa coroa\u201d. E uma f\u00e3 completou: \u201cTe amamos do jeitinho que voc\u00ea \u00e9\u201d.<\/p>\n<p class=\"jarvics:base-text-neutral-high-400 xovem:base-text-dark-high-400 base-text-[calc(theme(fontSize.xs)_*_var(--font-size,_1))] base-font-normal base-font-primary base-text-neutral-low-500 base-text-left\"><b>Confira:<\/b><\/p>\n<p class=\"jarvics:base-text-neutral-high-400 xovem:base-text-dark-high-400 base-text-[calc(theme(fontSize.xs)_*_var(--font-size,_1))] base-font-normal base-font-primary base-text-neutral-low-500 base-text-left\">O <a href=\"https:\/\/record.r7.com\/hoje-em-dia\/\" rel=\"nofollow noopener\" title=\"https:\/\/record.r7.com\/hoje-em-dia\/\" target=\"_blank\"><b>Hoje em Dia<\/b><\/a> vai ao ar de segunda a sexta-feira, a partir das 9h50, com apresenta\u00e7\u00e3o de Ana Hickmann, Celso Zucatelli e Renata Alves.<\/p>\n<p class=\"jarvics:base-text-neutral-high-400 xovem:base-text-dark-high-400 base-text-[calc(theme(fontSize.xs)_*_var(--font-size,_1))] base-font-normal base-font-primary base-text-neutral-low-500 base-text-left\">A dire\u00e7\u00e3o \u00e9 de Bruno Gomes e a dire\u00e7\u00e3o art\u00edstica de Cesar Barreto.<\/p>\n","protected":false},"excerpt":{"rendered":"Ana Hickmann compartilha momentos de dedica\u00e7\u00e3o \u00e0s atividades manuais Reprodu\u00e7\u00e3o\/Instagram Adeus, Gr\u00e9cia; ol\u00e1, Brasil! Para a alegria dos&hellip;\n","protected":false},"author":2,"featured_media":474092,"comment_status":"","ping_status":"","sticky":false,"template":"","format":"standard","meta":{"footnotes":"","_share_on_mastodon":"0"},"categories":[145],"tags":[6500,211,210,114,115,6279,32,33],"class_list":["post-474091","post","type-post","status-publish","format-standard","has-post-thumbnail","category-celebridades","tag-ana-hickmann","tag-celebridades","tag-celebrities","tag-entertainment","tag-entretenimento","tag-hoje-em-dia","tag-portugal","tag-pt"],"share_on_mastodon":{"url":"https:\/\/pubeurope.com\/@pt\/117037928082572083","error":""},"_links":{"self":[{"href":"https:\/\/www.europesays.com\/pt\/wp-json\/wp\/v2\/posts\/474091","targetHints":{"allow":["GET"]}}],"collection":[{"href":"https:\/\/www.europesays.com\/pt\/wp-json\/wp\/v2\/posts"}],"about":[{"href":"https:\/\/www.europesays.com\/pt\/wp-json\/wp\/v2\/types\/post"}],"author":[{"embeddable":true,"href":"https:\/\/www.europesays.com\/pt\/wp-json\/wp\/v2\/users\/2"}],"replies":[{"embeddable":true,"href":"https:\/\/www.europesays.com\/pt\/wp-json\/wp\/v2\/comments?post=474091"}],"version-history":[{"count":0,"href":"https:\/\/www.europesays.com\/pt\/wp-json\/wp\/v2\/posts\/474091\/revisions"}],"wp:featuredmedia":[{"embeddable":true,"href":"https:\/\/www.europesays.com\/pt\/wp-json\/wp\/v2\/media\/474092"}],"wp:attachment":[{"href":"https:\/\/www.europesays.com\/pt\/wp-json\/wp\/v2\/media?parent=474091"}],"wp:term":[{"taxonomy":"category","embeddable":true,"href":"https:\/\/www.europesays.com\/pt\/wp-json\/wp\/v2\/categories?post=474091"},{"taxonomy":"post_tag","embeddable":true,"href":"https:\/\/www.europesays.com\/pt\/wp-json\/wp\/v2\/tags?post=474091"}],"curies":[{"name":"wp","href":"https:\/\/api.w.org\/{rel}","templated":true}]}}