{"id":474123,"date":"2026-08-04T15:51:20","date_gmt":"2026-08-04T15:51:20","guid":{"rendered":"https:\/\/www.europesays.com\/pt\/474123\/"},"modified":"2026-08-04T15:51:20","modified_gmt":"2026-08-04T15:51:20","slug":"ferias-fabiana-oliveira-publica-fotos-em-porto-de-galinhas-e-afirma-lugar-que-mais-parece-uma-pintura-record","status":"publish","type":"post","link":"https:\/\/www.europesays.com\/pt\/474123\/","title":{"rendered":"F\u00e9rias! Fabiana Oliveira publica fotos em Porto de Galinhas e afirma: \u2018Lugar que mais parece uma pintura\u2019 \u2013 Record"},"content":{"rendered":"<p><img decoding=\"async\" data-chromatic=\"ignore\" alt=\"\" class=\"c-image\" loading=\"lazy\" src=\"https:\/\/www.europesays.com\/pt\/wp-content\/uploads\/2026\/08\/FCMSOZ3WD5GWZGOJT5B765WFF4.png\"  width=\"677\" height=\"369\"\/>Fabiana compartilhou detalhes do lugar paradis\u00edaco que est\u00e1 hospedada nas f\u00e9rias Reprodu\u00e7\u00e3o\/Instagram @afabianaoliveira <\/p>\n<p class=\"jarvics:base-text-neutral-high-400 xovem:base-text-dark-high-400 base-text-[calc(theme(fontSize.xs)_*_var(--font-size,_1))] base-font-normal base-font-primary base-text-neutral-low-500 base-text-left\">F\u00e9rias de inverno com sabor de ver\u00e3o! De folga com a fam\u00edlia, <b>Fabiana Oliveira<\/b> publicou um carrossel de fotos mostrando alguns registros paradis\u00edacos de Porto de Galinhas (PE). <\/p>\n<p class=\"jarvics:base-text-neutral-high-400 xovem:base-text-dark-high-400 base-text-[calc(theme(fontSize.xs)_*_var(--font-size,_1))] base-font-normal base-font-primary base-text-neutral-low-500 base-text-left\">A apresentadora do <a href=\"https:\/\/record.r7.com\/fala-brasil\/\" target=\"_self\" rel=\"nofollow noopener\" title=\"https:\/\/record.r7.com\/fala-brasil\/\"><b>Fala Brasil<\/b><\/a> ficou hospedada em um resort composto por muitas piscinas, lagos artificiais e palmeiras ao redor, al\u00e9m de estar de frente para o mar.<\/p>\n<p class=\"jarvics:base-text-neutral-high-400 xovem:base-text-dark-high-400 base-text-[calc(theme(fontSize.xs)_*_var(--font-size,_1))] base-font-normal base-font-primary base-text-neutral-low-500 base-text-left\">Na legenda do post, Fabiana exaltou a beleza do lugar e comemorou a ida de uma pessoa importante na viagem: <\/p>\n<p class=\"jarvics:base-text-neutral-high-400 xovem:base-text-dark-high-400 base-text-[calc(theme(fontSize.xs)_*_var(--font-size,_1))] base-font-normal base-font-primary base-text-neutral-low-500 base-text-left\">\u201cDi\u00e1rio de f\u00e9rias. Nossos primeiros dias na Polin\u00e9sia mais brasileira que existe, em Porto de Galinhas, Pernambuco. Um lugar que mais parece uma pintura, com tudo que a gente precisa para curtir e descansar, com as crian\u00e7as (e a vinda especial da minha m\u00e3ezinha)\u201d. <\/p>\n<p class=\"jarvics:base-text-neutral-high-400 xovem:base-text-dark-high-400 base-text-[calc(theme(fontSize.xs)_*_var(--font-size,_1))] base-font-normal base-font-primary base-text-neutral-low-500 base-text-left\">Os seguidores desejaram boas f\u00e9rias nos coment\u00e1rios e elogiaram as fotos: \u201cQue maravilha. Boas f\u00e9rias\u201d, disse uma. \u201cDescansa bastante\u201d, escreveu outro. \u201cUm lugar perfeito para uma fam\u00edlia linda\u201d, completou mais uma. <\/p>\n<p class=\"jarvics:base-text-neutral-high-400 xovem:base-text-dark-high-400 base-text-[calc(theme(fontSize.xs)_*_var(--font-size,_1))] base-font-normal base-font-primary base-text-neutral-low-500 base-text-left\"><b>Confira o post abaixo:<\/b><\/p>\n<p class=\"jarvics:base-text-neutral-high-400 xovem:base-text-dark-high-400 base-text-[calc(theme(fontSize.xs)_*_var(--font-size,_1))] base-font-normal base-font-primary base-text-neutral-low-500 base-text-left\">O <a href=\"https:\/\/record.r7.com\/fala-brasil\/\" rel=\"nofollow noopener\" title=\"https:\/\/record.r7.com\/fala-brasil\/\" target=\"_blank\"><b>Fala Brasil<\/b><\/a> vai ao ar de segunda a s\u00e1bado, \u00e0s 8h30, sob o comando de Paloma Poeta e Luiz Fara Monteiro.<\/p>\n","protected":false},"excerpt":{"rendered":"Fabiana compartilhou detalhes do lugar paradis\u00edaco que est\u00e1 hospedada nas f\u00e9rias Reprodu\u00e7\u00e3o\/Instagram @afabianaoliveira F\u00e9rias de inverno com sabor&hellip;\n","protected":false},"author":2,"featured_media":474124,"comment_status":"","ping_status":"","sticky":false,"template":"","format":"standard","meta":{"footnotes":"","_share_on_mastodon":"0"},"categories":[145],"tags":[211,210,114,115,45774,47646,3755,7227,32,33],"class_list":["post-474123","post","type-post","status-publish","format-standard","has-post-thumbnail","category-celebridades","tag-celebridades","tag-celebrities","tag-entertainment","tag-entretenimento","tag-fabiana-oliveira","tag-fala-brasil","tag-ferias","tag-pernambuco","tag-portugal","tag-pt"],"share_on_mastodon":{"url":"https:\/\/pubeurope.com\/@pt\/117038042136678166","error":""},"_links":{"self":[{"href":"https:\/\/www.europesays.com\/pt\/wp-json\/wp\/v2\/posts\/474123","targetHints":{"allow":["GET"]}}],"collection":[{"href":"https:\/\/www.europesays.com\/pt\/wp-json\/wp\/v2\/posts"}],"about":[{"href":"https:\/\/www.europesays.com\/pt\/wp-json\/wp\/v2\/types\/post"}],"author":[{"embeddable":true,"href":"https:\/\/www.europesays.com\/pt\/wp-json\/wp\/v2\/users\/2"}],"replies":[{"embeddable":true,"href":"https:\/\/www.europesays.com\/pt\/wp-json\/wp\/v2\/comments?post=474123"}],"version-history":[{"count":0,"href":"https:\/\/www.europesays.com\/pt\/wp-json\/wp\/v2\/posts\/474123\/revisions"}],"wp:featuredmedia":[{"embeddable":true,"href":"https:\/\/www.europesays.com\/pt\/wp-json\/wp\/v2\/media\/474124"}],"wp:attachment":[{"href":"https:\/\/www.europesays.com\/pt\/wp-json\/wp\/v2\/media?parent=474123"}],"wp:term":[{"taxonomy":"category","embeddable":true,"href":"https:\/\/www.europesays.com\/pt\/wp-json\/wp\/v2\/categories?post=474123"},{"taxonomy":"post_tag","embeddable":true,"href":"https:\/\/www.europesays.com\/pt\/wp-json\/wp\/v2\/tags?post=474123"}],"curies":[{"name":"wp","href":"https:\/\/api.w.org\/{rel}","templated":true}]}}