{"id":474131,"date":"2026-08-04T15:58:15","date_gmt":"2026-08-04T15:58:15","guid":{"rendered":"https:\/\/www.europesays.com\/pt\/474131\/"},"modified":"2026-08-04T15:58:15","modified_gmt":"2026-08-04T15:58:15","slug":"britanica-e-a-primeira-pessoa-do-mundo-a-receber-vacina-feita-a-medida-contra-cancro-do-pulmao","status":"publish","type":"post","link":"https:\/\/www.europesays.com\/pt\/474131\/","title":{"rendered":"Brit\u00e2nica \u00e9 a primeira pessoa do mundo a receber vacina feita \u00e0 medida contra cancro do pulm\u00e3o"},"content":{"rendered":"<p class=\"wp-caption-text top\"><a href=\"https:\/\/www.clatterbridgecc.nhs.uk\/about-us\/news\/first-patient-world-given-pioneering-cancer-vaccine-clatterbridge\" rel=\"nofollow noopener\" data-wpel-link=\"external\" class=\"ext-link\" target=\"_blank\">The Clatterbridge Cancer Centre<\/a><\/p>\n<p><img loading=\"eager\" fetchpriority=\"high\" decoding=\"async\" class=\"wp-image-758279 size-kopa-image-size-3\" src=\"https:\/\/www.europesays.com\/pt\/wp-content\/uploads\/2026\/08\/eff4b040d1f3be1c81771f9be029f425-783x450.jpg\" alt=\"\" width=\"700\" height=\"402\"  \/><\/p>\n<p class=\"wp-caption-text bot\">A paciente Chris Jones a ser vacinada, acompanhada pelo oncologista Carles Escriu (\u00e0 esquerda).<\/p>\n<p><strong>Novo tratamento mapeia o ADN do cancro e depois cria-se uma vacina com ADN sint\u00e9tico, em vez de bacteriano.<\/strong><\/p>\n<p>Uma mulher de 68 anos tornou-se a primeira pessoa no mundo a receber uma nova vacina personalizada contra o cancro do pulm\u00e3o.<\/p>\n<p><strong>Chris Jones<\/strong>, de Hoylake, na regi\u00e3o de Merseyside, tem cancro do pulm\u00e3o de n\u00e3o pequenas c\u00e9lulas em estado avan\u00e7ado, o tipo mais comum da doen\u00e7a, respons\u00e1vel por mais de 80% dos casos. Participa num ensaio cl\u00ednico de fase inicial no Clatterbridge Cancer Centre, em Liverpool.<\/p>\n<p>Os m\u00e9dicos esperam que o tratamento, ainda em fase experimental, consiga aumentar a efic\u00e1cia da imunoterapia em doentes com formas avan\u00e7adas da doen\u00e7a como \u00e9 o caso de Chris. A imunoterapia permitiu obter alguma resposta, mas n\u00e3o foi suficientemente eficaz.<\/p>\n<p>Segundo <strong>Carles Escriu<\/strong>, oncologista envolvido no estudo, citado pela <a href=\"https:\/\/www.bbc.com\/news\/articles\/cvgl4925w0qo\" data-wpel-link=\"external\" rel=\"noopener nofollow\" class=\"ext-link\" target=\"_blank\">BBC<\/a>, este \u00e9 um problema que afeta cerca de metade dos doentes tratados: o tumor responde inicialmente, mas acaba por desenvolver resist\u00eancia.<\/p>\n<p>O objetivo da vacina \u00e9 refor\u00e7ar o sistema imunit\u00e1rio e ajud\u00e1-lo a reconhecer e atacar c\u00e9lulas tumorais que antes conseguiam escapar \u00e0s defesas do organismo. Os investigadores analisaram primeiro uma amostra retirada do tumor de Chris e mapearam o ADN espec\u00edfico do cancro. Com essa informa\u00e7\u00e3o, criaram uma vacina individualizada, produzida a partir de ADN sint\u00e9tico. Este material, conhecido como \u201cdoggybone\u201d, devido \u00e0 sua forma invulgar, poder\u00e1 ser fabricado de forma mais r\u00e1pida e econ\u00f3mica do que o ADN bacteriano habitualmente usado.<\/p>\n<p>O tratamento \u00e9 administrado sem agulha, atrav\u00e9s de uma inje\u00e7\u00e3o em cada bra\u00e7o, antes da infus\u00e3o habitual de imunoterapia.<\/p>\n<p>Chris dever\u00e1 receber sete doses ao longo de 24 semanas. Apenas dez pessoas v\u00e3o participar nesta primeira fase do ensaio, que procura sobretudo avaliar a seguran\u00e7a e a resposta ao tratamento. A brit\u00e2nica decidiu participar na esperan\u00e7a de prolongar a vida e de ajudar futuros doentes, mas especialmente porque a filha mais velha morreu h\u00e1 quase dez anos, v\u00edtima de um cancro da mama secund\u00e1rio. Dentro de seis semanas, a mulher de 68 anos far\u00e1 novos exames para avaliar se o tumor diminuiu.<\/p>\n<blockquote class=\"instagram-media\" style=\"background: #FFF; border: 0; border-radius: 3px; box-shadow: 0 0 1px 0 rgba(0,0,0,0.5),0 1px 10px 0 rgba(0,0,0,0.15); margin: 1px; max-width: 540px; min-width: 326px; padding: 0; width: calc(100% - 2px);\" data-instgrm-captioned=\"\" data-instgrm-permalink=\"https:\/\/www.instagram.com\/p\/DbfeaviCd2R\/?utm_source=ig_embed&amp;utm_campaign=loading\" data-instgrm-version=\"14\">\n<\/blockquote>\n<p>                <script async src=\"\/\/www.instagram.com\/embed.js\"><\/script><\/p>\n","protected":false},"excerpt":{"rendered":"The Clatterbridge Cancer Centre A paciente Chris Jones a ser vacinada, acompanhada pelo oncologista Carles Escriu (\u00e0 esquerda).&hellip;\n","protected":false},"author":2,"featured_media":474132,"comment_status":"","ping_status":"","sticky":false,"template":"","format":"standard","meta":{"footnotes":"","_share_on_mastodon":"0"},"categories":[86],"tags":[2216,1207,116,5951,2172,1208,7225,32,33,713,117,1333,2820,2782],"class_list":["post-474131","post","type-post","status-publish","format-standard","has-post-thumbnail","category-saude","tag-adn","tag-cancro","tag-health","tag-imunoterapia","tag-inovacao","tag-medicina","tag-oncologia","tag-portugal","tag-pt","tag-reino-unido","tag-saude","tag-vacina","tag-vacinacao","tag-vacinas"],"share_on_mastodon":{"url":"https:\/\/pubeurope.com\/@pt\/117038069887946244","error":""},"_links":{"self":[{"href":"https:\/\/www.europesays.com\/pt\/wp-json\/wp\/v2\/posts\/474131","targetHints":{"allow":["GET"]}}],"collection":[{"href":"https:\/\/www.europesays.com\/pt\/wp-json\/wp\/v2\/posts"}],"about":[{"href":"https:\/\/www.europesays.com\/pt\/wp-json\/wp\/v2\/types\/post"}],"author":[{"embeddable":true,"href":"https:\/\/www.europesays.com\/pt\/wp-json\/wp\/v2\/users\/2"}],"replies":[{"embeddable":true,"href":"https:\/\/www.europesays.com\/pt\/wp-json\/wp\/v2\/comments?post=474131"}],"version-history":[{"count":0,"href":"https:\/\/www.europesays.com\/pt\/wp-json\/wp\/v2\/posts\/474131\/revisions"}],"wp:featuredmedia":[{"embeddable":true,"href":"https:\/\/www.europesays.com\/pt\/wp-json\/wp\/v2\/media\/474132"}],"wp:attachment":[{"href":"https:\/\/www.europesays.com\/pt\/wp-json\/wp\/v2\/media?parent=474131"}],"wp:term":[{"taxonomy":"category","embeddable":true,"href":"https:\/\/www.europesays.com\/pt\/wp-json\/wp\/v2\/categories?post=474131"},{"taxonomy":"post_tag","embeddable":true,"href":"https:\/\/www.europesays.com\/pt\/wp-json\/wp\/v2\/tags?post=474131"}],"curies":[{"name":"wp","href":"https:\/\/api.w.org\/{rel}","templated":true}]}}