{"id":474353,"date":"2026-08-04T19:10:17","date_gmt":"2026-08-04T19:10:17","guid":{"rendered":"https:\/\/www.europesays.com\/pt\/474353\/"},"modified":"2026-08-04T19:10:17","modified_gmt":"2026-08-04T19:10:17","slug":"action-lanca-aspirador-industrial-ao-preco-mais-baixo-do-mercado","status":"publish","type":"post","link":"https:\/\/www.europesays.com\/pt\/474353\/","title":{"rendered":"Action lan\u00e7a aspirador industrial ao pre\u00e7o mais baixo do mercado"},"content":{"rendered":"<p>Um vaso partido, \u00e1gua entornada no ch\u00e3o ou aquele canto atr\u00e1s do aquecedor que o aspirador normal nunca alcan\u00e7a e nem capacidade para tal.<\/p>\n<p>Assim sendo \u00e9 para estas situa\u00e7\u00f5es que serve um aspirador multiusos, e a Action tem esta semana um da <a href=\"https:\/\/www.action.com\/pt-pt\/p\/3009191\/aspirador-karcher-kwd1\/\" target=\"_blank\" rel=\"noopener nofollow\">K\u00e4rcher<\/a> com bom desconto. Ou seja, fica ao pre\u00e7o mais baixo do mercado.<\/p>\n<p>Quais s\u00e3o as especifica\u00e7\u00f5es?<br \/>\n<img loading=\"lazy\" decoding=\"async\" class=\"size-full wp-image-779702\" src=\"https:\/\/www.europesays.com\/pt\/wp-content\/uploads\/2026\/08\/aspirador-action.webp\" alt=\"aspirador action\" width=\"1200\" height=\"815\"  \/>\u00a9 Action<\/p>\n<p>O KWD1 \u00e9 um modelo seco e h\u00famido, com 1000 watts e dep\u00f3sito de 12 litros, pensado para aspirar sujidade fina, grossa, seca e at\u00e9 l\u00edquidos. Al\u00e9m disso, aspira at\u00e9 vidro partido, gra\u00e7as a um bocal pr\u00f3prio desenvolvido para pavimentos.<\/p>\n<p>Vem ainda com bocal para fendas, \u00fatil em rodap\u00e9s ou atr\u00e1s de m\u00f3veis, e um cabo de 4 metros que d\u00e1 alguma liberdade de movimento sem estar sempre a mudar de tomada.<\/p>\n<p>Para esvaziar o dep\u00f3sito basta o sistema Push &amp; Pull, e quem preferir pode usar o saco de p\u00f3 inclu\u00eddo para evitar que a sujidade seca volte a espalhar-se ao abrir o aparelho. Tubos, cabo e acess\u00f3rios guardam-se nos compartimentos do pr\u00f3prio aspirador, o que ajuda a arruma\u00e7\u00e3o.<\/p>\n<p>            <img decoding=\"async\" src=\"https:\/\/www.europesays.com\/pt\/wp-content\/uploads\/2026\/08\/1785870617_760_supergirl.jpg\" alt=\"Supergirl\"\/><\/p>\n<p>Vale a pena ao pre\u00e7o da Action?<\/p>\n<p>Com o desconto de 16%, o KWD1 passa de 59,95\u20ac para 49,95\u20ac, um pre\u00e7o muito baixo para um aspirador multiusos desta capacidade. At\u00e9 porque modelos equivalentes de outras marcas costumam rondar valores semelhantes ou superiores.<\/p>\n<p>No entanto a pot\u00eancia de suc\u00e7\u00e3o n\u00e3o \u00e9 ajust\u00e1vel, o que significa que n\u00e3o h\u00e1 modo mais suave para superf\u00edcies delicadas, e \u00e9 preciso ter presente que \u201c1000 watts\u201d corresponde ao consumo do motor e n\u00e3o necessariamente \u00e0 for\u00e7a de suc\u00e7\u00e3o real sentida no bocal. Como acontece com a generalidade dos aspiradores multiusos deste segmento de <a href=\"https:\/\/www.magazine-hd.com\/apps\/wp\/action-lanca-secador-cabelo-estilo-dyson-preco-mais-baixo-sempre-semana\/\" target=\"_blank\" rel=\"noopener nofollow\">pre\u00e7o<\/a>.<\/p>\n<p>Ainda assim, para quem procura um aparelho robusto para garagem, carro ou pequenos acidentes dom\u00e9sticos, cumpre bem o que promete. A promo\u00e7\u00e3o est\u00e1 dispon\u00edvel esta <a href=\"https:\/\/www.magazine-hd.com\/apps\/wp\/action-lanca-mala-porao-mais-barata-sempre\/\" target=\"_blank\" rel=\"noopener nofollow\">semana<\/a>, nas lojas Action em Portugal.<\/p>\n","protected":false},"excerpt":{"rendered":"Um vaso partido, \u00e1gua entornada no ch\u00e3o ou aquele canto atr\u00e1s do aquecedor que o aspirador normal nunca&hellip;\n","protected":false},"author":2,"featured_media":474354,"comment_status":"","ping_status":"","sticky":false,"template":"","format":"standard","meta":{"footnotes":"","_share_on_mastodon":"0"},"categories":[85],"tags":[7575,75969,21550,75970,2402,114,115,68513,32,2406,33],"class_list":["post-474353","post","type-post","status-publish","format-standard","has-post-thumbnail","category-entretenimento","tag-action","tag-aspirado-industrial","tag-aspirador","tag-aspirador-karcher-kwd1","tag-descontos","tag-entertainment","tag-entretenimento","tag-pechincha","tag-portugal","tag-promocao","tag-pt"],"share_on_mastodon":{"url":"https:\/\/pubeurope.com\/@pt\/117038824822497016","error":""},"_links":{"self":[{"href":"https:\/\/www.europesays.com\/pt\/wp-json\/wp\/v2\/posts\/474353","targetHints":{"allow":["GET"]}}],"collection":[{"href":"https:\/\/www.europesays.com\/pt\/wp-json\/wp\/v2\/posts"}],"about":[{"href":"https:\/\/www.europesays.com\/pt\/wp-json\/wp\/v2\/types\/post"}],"author":[{"embeddable":true,"href":"https:\/\/www.europesays.com\/pt\/wp-json\/wp\/v2\/users\/2"}],"replies":[{"embeddable":true,"href":"https:\/\/www.europesays.com\/pt\/wp-json\/wp\/v2\/comments?post=474353"}],"version-history":[{"count":0,"href":"https:\/\/www.europesays.com\/pt\/wp-json\/wp\/v2\/posts\/474353\/revisions"}],"wp:featuredmedia":[{"embeddable":true,"href":"https:\/\/www.europesays.com\/pt\/wp-json\/wp\/v2\/media\/474354"}],"wp:attachment":[{"href":"https:\/\/www.europesays.com\/pt\/wp-json\/wp\/v2\/media?parent=474353"}],"wp:term":[{"taxonomy":"category","embeddable":true,"href":"https:\/\/www.europesays.com\/pt\/wp-json\/wp\/v2\/categories?post=474353"},{"taxonomy":"post_tag","embeddable":true,"href":"https:\/\/www.europesays.com\/pt\/wp-json\/wp\/v2\/tags?post=474353"}],"curies":[{"name":"wp","href":"https:\/\/api.w.org\/{rel}","templated":true}]}}