{"id":474369,"date":"2026-08-04T19:25:15","date_gmt":"2026-08-04T19:25:15","guid":{"rendered":"https:\/\/www.europesays.com\/pt\/474369\/"},"modified":"2026-08-04T19:25:15","modified_gmt":"2026-08-04T19:25:15","slug":"vem-ai-em-terra-forte-rosinha-confronta-antonio-e-rejeita-o-como-pai-em-cena-devastadora-novelas","status":"publish","type":"post","link":"https:\/\/www.europesays.com\/pt\/474369\/","title":{"rendered":"Vem a\u00ed em \u00abTerra Forte\u00bb: Rosinha confronta Ant\u00f3nio e rejeita-o como pai em cena devastadora &#8211; Novelas"},"content":{"rendered":"<p>Em \u00abTerra Forte\u00bb, Rosinha (Francisca Salgado) vai muito cedo a casa de Ant\u00f3nio (Jo\u00e3o Catarr\u00e9) para confront\u00e1-lo por ter abandonado a fam\u00edlia por causa de D\u00e9bora (Elisa Volpatto). Ant\u00f3nio olha-a tenso.<\/p>\n<p style=\"text-align: justify;\">Ant\u00f3nio assegura a Rosinha que s\u00f3 recentemente come\u00e7ou um relacionamento com D\u00e9bora, mas Rosinha vinca n\u00e3o acreditar nessa hist\u00f3ria de ele ter andado escondido durante tr\u00eas anos sem lhes dizer nada por causa do pai dela.<\/p>\n<p style=\"text-align: justify;\">Rosinha avisa Ant\u00f3nio que ningu\u00e9m vai acreditar que ele s\u00f3 tenha tido alguma coisa com D\u00e9bora agora, mostrando-se muito desiludida por ele ter abandonado a fam\u00edlia para estar com essa mulher. Diz ainda que, a partir de agora, ser\u00e1 Sammy (Jos\u00e9 Fidalgo), e n\u00e3o ele, o seu verdadeiro pai. Ant\u00f3nio olha-a desolado.<\/p>\n","protected":false},"excerpt":{"rendered":"Em \u00abTerra Forte\u00bb, Rosinha (Francisca Salgado) vai muito cedo a casa de Ant\u00f3nio (Jo\u00e3o Catarr\u00e9) para confront\u00e1-lo por&hellip;\n","protected":false},"author":2,"featured_media":474370,"comment_status":"","ping_status":"","sticky":false,"template":"","format":"standard","meta":{"footnotes":"","_share_on_mastodon":"0"},"categories":[85],"tags":[160,27121,166,114,115,157,167,2727,164,161,158,165,159,32,33,156,27917,18614,163,162],"class_list":["post-474369","post","type-post","status-publish","format-standard","has-post-thumbnail","category-entretenimento","tag-ana-guiomar","tag-antonio","tag-cristina-ferreira","tag-entertainment","tag-entretenimento","tag-festa-e-festa","tag-ficcao","tag-joao-catarre","tag-jose-fidalgo","tag-novelas","tag-para-sempre","tag-pedro-sousa","tag-pedro-teixeira","tag-portugal","tag-pt","tag-queridos-papas","tag-rosinha","tag-terra-forte","tag-tiago-teotonio-pereira","tag-tvi"],"share_on_mastodon":{"url":"https:\/\/pubeurope.com\/@pt\/117038882822873481","error":""},"_links":{"self":[{"href":"https:\/\/www.europesays.com\/pt\/wp-json\/wp\/v2\/posts\/474369","targetHints":{"allow":["GET"]}}],"collection":[{"href":"https:\/\/www.europesays.com\/pt\/wp-json\/wp\/v2\/posts"}],"about":[{"href":"https:\/\/www.europesays.com\/pt\/wp-json\/wp\/v2\/types\/post"}],"author":[{"embeddable":true,"href":"https:\/\/www.europesays.com\/pt\/wp-json\/wp\/v2\/users\/2"}],"replies":[{"embeddable":true,"href":"https:\/\/www.europesays.com\/pt\/wp-json\/wp\/v2\/comments?post=474369"}],"version-history":[{"count":0,"href":"https:\/\/www.europesays.com\/pt\/wp-json\/wp\/v2\/posts\/474369\/revisions"}],"wp:featuredmedia":[{"embeddable":true,"href":"https:\/\/www.europesays.com\/pt\/wp-json\/wp\/v2\/media\/474370"}],"wp:attachment":[{"href":"https:\/\/www.europesays.com\/pt\/wp-json\/wp\/v2\/media?parent=474369"}],"wp:term":[{"taxonomy":"category","embeddable":true,"href":"https:\/\/www.europesays.com\/pt\/wp-json\/wp\/v2\/categories?post=474369"},{"taxonomy":"post_tag","embeddable":true,"href":"https:\/\/www.europesays.com\/pt\/wp-json\/wp\/v2\/tags?post=474369"}],"curies":[{"name":"wp","href":"https:\/\/api.w.org\/{rel}","templated":true}]}}