{"id":474399,"date":"2026-08-04T19:46:28","date_gmt":"2026-08-04T19:46:28","guid":{"rendered":"https:\/\/www.europesays.com\/pt\/474399\/"},"modified":"2026-08-04T19:46:28","modified_gmt":"2026-08-04T19:46:28","slug":"isa-oliveira-sobre-domingos-terra-se-fosse-facil-nao-iria-ter-tanta-graca","status":"publish","type":"post","link":"https:\/\/www.europesays.com\/pt\/474399\/","title":{"rendered":"Isa Oliveira sobre Domingos Terra: &#8220;Se fosse f\u00e1cil, n\u00e3o iria ter tanta gra\u00e7a&#8221;"},"content":{"rendered":"<p>Esta ter\u00e7a-feira, dia 4, \u00e9 de festa para <a href=\"https:\/\/selfie.iol.pt\/famosos\/isa-oliveira\/isa-oliveira-incendeia-internet-com-biquini-reduzido\/20260604\/6a21e38c0cf21fcd83775932\" rel=\"noopener noreferrer nofollow\" target=\"_blank\">Isa Oliveira<\/a>, que celebra o anivers\u00e1rio do companheiro, <a href=\"https:\/\/selfie.iol.pt\/famosos\/o-triangulo\/isa-oliveira-e-domingos-terra-abrem-as-portas-de-casa-a-primeira-fotografia\/20260307\/69ac9174d34edcee7c619e69\" rel=\"noopener noreferrer nofollow\" target=\"_blank\">Domingos Terra<\/a>.<\/p>\n<p>No Instagram, a ex-concorrente de &#8220;O Tri\u00e2ngulo&#8221; assinalou a data especial. &#8220;Parab\u00e9ns pelas tuas 34 primaveras, meu amor. Se fosse f\u00e1cil, n\u00e3o iria ter tanta gra\u00e7a. \u00c9s o melhor namorado e o melhor pai que o nosso filho podia ter&#8221;, come\u00e7ou por referir Isa Oliveira na legenda de uma fotografia, na qual surge a beijar Domingos Terra na boca.<\/p>\n<p>&#8220;Desejamos-te um dia muito feliz, um dia em cheio e rodeado das pessoas que mais amas (n\u00f3s). Vamos estar sempre aqui para ti! Amamos-te muito&#8221;, completou, referindo-se ao filho de ambos, Duarte Maria, prestes a completar dois anos.<\/p>\n<p>Veja, agora, a imagem partilhada por Isa Oliveira na galeria de fotografias que prepar\u00e1mos para si.<\/p>\n","protected":false},"excerpt":{"rendered":"Esta ter\u00e7a-feira, dia 4, \u00e9 de festa para Isa Oliveira, que celebra o anivers\u00e1rio do companheiro, Domingos Terra.&hellip;\n","protected":false},"author":2,"featured_media":474400,"comment_status":"","ping_status":"","sticky":false,"template":"","format":"standard","meta":{"footnotes":"","_share_on_mastodon":"0"},"categories":[145],"tags":[996,211,210,6997,114,115,981,980,29580,619,7792,32,33,1014,1016,1012,162],"class_list":["post-474399","post","type-post","status-publish","format-standard","has-post-thumbnail","category-celebridades","tag-aniversario","tag-celebridades","tag-celebrities","tag-domingos-terra","tag-entertainment","tag-entretenimento","tag-familia","tag-famosos","tag-isa-oliveira","tag-nacional","tag-o-triangulo","tag-portugal","tag-pt","tag-reality-show","tag-romance","tag-selfie","tag-tvi"],"share_on_mastodon":{"url":"https:\/\/pubeurope.com\/@pt\/117038965581965314","error":""},"_links":{"self":[{"href":"https:\/\/www.europesays.com\/pt\/wp-json\/wp\/v2\/posts\/474399","targetHints":{"allow":["GET"]}}],"collection":[{"href":"https:\/\/www.europesays.com\/pt\/wp-json\/wp\/v2\/posts"}],"about":[{"href":"https:\/\/www.europesays.com\/pt\/wp-json\/wp\/v2\/types\/post"}],"author":[{"embeddable":true,"href":"https:\/\/www.europesays.com\/pt\/wp-json\/wp\/v2\/users\/2"}],"replies":[{"embeddable":true,"href":"https:\/\/www.europesays.com\/pt\/wp-json\/wp\/v2\/comments?post=474399"}],"version-history":[{"count":0,"href":"https:\/\/www.europesays.com\/pt\/wp-json\/wp\/v2\/posts\/474399\/revisions"}],"wp:featuredmedia":[{"embeddable":true,"href":"https:\/\/www.europesays.com\/pt\/wp-json\/wp\/v2\/media\/474400"}],"wp:attachment":[{"href":"https:\/\/www.europesays.com\/pt\/wp-json\/wp\/v2\/media?parent=474399"}],"wp:term":[{"taxonomy":"category","embeddable":true,"href":"https:\/\/www.europesays.com\/pt\/wp-json\/wp\/v2\/categories?post=474399"},{"taxonomy":"post_tag","embeddable":true,"href":"https:\/\/www.europesays.com\/pt\/wp-json\/wp\/v2\/tags?post=474399"}],"curies":[{"name":"wp","href":"https:\/\/api.w.org\/{rel}","templated":true}]}}