{"id":47454,"date":"2025-08-27T15:09:26","date_gmt":"2025-08-27T15:09:26","guid":{"rendered":"https:\/\/www.europesays.com\/pt\/47454\/"},"modified":"2025-08-27T15:09:26","modified_gmt":"2025-08-27T15:09:26","slug":"com-faxina-no-cerebro-remedio-pode-ajudar-contra-alzheimer","status":"publish","type":"post","link":"https:\/\/www.europesays.com\/pt\/47454\/","title":{"rendered":"Com &#8220;faxina no c\u00e9rebro&#8221;, rem\u00e9dio pode ajudar contra Alzheimer"},"content":{"rendered":"<p class=\"postParagraph_post-paragraph__juWZN\">Pesquisadores de uma universidade dos Estados Unidos podem ter identificado uma nova forma, inesperada, de tratamento para a doen\u00e7a de Alzheimer. Um medicamento j\u00e1 utilizado em casos de ins\u00f4nia nos EUA demonstrou ter a capacidade de fazer uma esp\u00e9cie de \u201cfaxina\u201d no sistema cerebral, reduzindo n\u00edveis de subst\u00e2ncias associadas \u00e0 doen\u00e7a degenerativa, sem grandes efeitos colaterais.<\/p>\n<p class=\"postParagraph_post-paragraph-innerHtml__Q5vwc\">O promissor avan\u00e7o foi obtido ao utilizar na pesquisa o medicamento Suvorexant, devidamente aprovado e liberado para uso pela Food and Drug Administration (FDA), \u00f3rg\u00e3o do governo americano respons\u00e1vel por esse controle. A forma de atua\u00e7\u00e3o do f\u00e1rmaco \u00e9 o que chamou a aten\u00e7\u00e3o dos pesquisadores.<\/p>\n<p class=\"gp-styles-module-size-small-afeYRa gp-styles-module-font-family2-afeYRa gp-styles-module-color-secondary-afeYRa gp-styles-module-weight-bold-afeYRa\">VEJA TAMB\u00c9M:<\/p>\n<ul class=\"postViewMore_post-view-more-list__CU_CE\">\n<li class=\"postViewMore_post-view-more-item__2MzRb\"><img loading=\"lazy\" decoding=\"async\" class=\"imageDefault_image-item__lU2Dk\" src=\"https:\/\/www.europesays.com\/pt\/wp-content\/uploads\/2025\/08\/cerebro-250809-380x214.jpg.webp.webp\" alt=\"Pesquisa revela que l\u00edtio e Alzheimer est\u00e3o ligados. Defici\u00eancia do mineral acelera doen\u00e7a, mas novo composto reverteu sintomas em camundongos\" width=\"72\" height=\"72\"\/><a class=\"postViewMore_post-view-more-link-hasImage__0lssj\" href=\"https:\/\/www.gazetadopovo.com.br\/lab\/cura-do-alzheimer-a-vista-pesquisa-de-harvard-consegue-reverter-a-doenca\/?ref=veja-tambem\" title=\"Veja tamb\u00e9m: Cura do Alzheimer \u00e0 vista? Pesquisa de Harvard consegue reverter a doen\u00e7a\" rel=\"nofollow noopener\" target=\"_blank\">Cura do Alzheimer \u00e0 vista? Pesquisa de Harvard consegue reverter a doen\u00e7a<\/a><\/li>\n<\/ul>\n<p class=\"postParagraph_post-paragraph__juWZN\">Em outros compostos utilizados no tratamento da ins\u00f4nia, diversas \u00e1reas do c\u00e9rebro e da medula espinhal s\u00e3o afetadas de forma bastante gen\u00e9rica. Isso garante que o paciente consiga dormir, mas pode levar a efeitos colaterais preocupantes como a dificuldade de reagir a est\u00edmulos em situa\u00e7\u00f5es de urg\u00eancia durante o sono, como ter que escapar de um inc\u00eandio em casa durante a madrugada, por exemplo.<\/p>\n<p class=\"postParagraph_post-paragraph__juWZN\">O medicamento Suvorexant, por sua vez, atua em uma \u00e1rea espec\u00edfica do c\u00e9rebro com receptores ligados ao sono. Onde n\u00e3o h\u00e1 esses receptores de orexina, o qu\u00edmico n\u00e3o faz efeito. Assim, seu uso registra um n\u00famero muito menor de dist\u00farbios de equil\u00edbrio ao acordar, em compara\u00e7\u00e3o com outros tratamentos.<\/p>\n<p class=\"gp-styles-module-size-small-afeYRa gp-styles-module-font-family2-afeYRa gp-styles-module-color-secondary-afeYRa gp-styles-module-weight-bold-afeYRa\">VEJA TAMB\u00c9M:<\/p>\n<ul class=\"postViewMore_post-view-more-list__CU_CE\">\n<li class=\"postViewMore_post-view-more-item__2MzRb\"><img loading=\"lazy\" decoding=\"async\" class=\"imageDefault_image-item__lU2Dk\" src=\"https:\/\/www.europesays.com\/pt\/wp-content\/uploads\/2025\/08\/idaide-do-envelhecimento-380x214.jpg.webp.webp\" alt=\"Um casal de idosos, um olhando para o outro.\" width=\"72\" height=\"72\"\/><a class=\"postViewMore_post-view-more-link-hasImage__0lssj\" href=\"https:\/\/www.gazetadopovo.com.br\/saude\/descubra-a-idade-em-que-o-corpo-comeca-a-envelhecer-de-verdade\/?ref=veja-tambem\" title=\"Veja tamb\u00e9m: Descubra a idade em que o corpo come\u00e7a a envelhecer de verdade\" rel=\"nofollow noopener\" target=\"_blank\">Descubra a idade em que o corpo come\u00e7a a envelhecer de verdade<\/a><\/li>\n<\/ul>\n<p>Rem\u00e9dio reduziu n\u00edveis de &#8220;lixo cerebral&#8221; e pode ajudar no tratamento do Alzheimer<\/p>\n<p class=\"postParagraph_post-paragraph__juWZN\">O que os pesquisadores descobriram \u00e9 que, al\u00e9m de trabalhar em uma por\u00e7\u00e3o bem delimitada do sistema nervoso central, o rem\u00e9dio conseguiu reduzir de forma efetiva os n\u00edveis de duas prote\u00ednas consideradas cruciais na evolu\u00e7\u00e3o do Alzheimer.<\/p>\n<p class=\"postParagraph_post-paragraph__juWZN\">Durante os testes, 38 volunt\u00e1rios com idades entre 45 e 65 anos foram divididos em tr\u00eas grupos. Um deles, de controle, tomou apenas placebo. Os outros dois receberam doses diferentes do medicamento. A equipe liderada pelo Dr. Brendan Lucey, da Washington University, em Saint Louis, coletou amostras do l\u00edquido que circula em torno do c\u00e9rebro e da medula espinhal para analisar os resultados.<\/p>\n<p class=\"postParagraph_post-paragraph__juWZN\">Quem recebeu a dose mais alta de Suvorexant mostrou os melhores resultados, de acordo com o estudo. Nesses pacientes, houve uma redu\u00e7\u00e3o de 10% a 15% na concentra\u00e7\u00e3o da prote\u00edna tau fosforilada. Os ganhos em rela\u00e7\u00e3o a outra prote\u00edna, a amiloide-beta, foram de at\u00e9 20% em rela\u00e7\u00e3o ao grupo de controle.<\/p>\n<p class=\"postParagraph_post-paragraph__juWZN\">Essas duas subst\u00e2ncias s\u00e3o consideradas pelos pesquisadores como uma esp\u00e9cie de \u201clixo\u201d produzido pelo c\u00e9rebro. Onde essas prote\u00ednas aparecem em grande quantidade, \u00e9 grande tamb\u00e9m o n\u00famero de neur\u00f4nios mortos. Uma das consequ\u00eancias da morte descontrolada de neur\u00f4nios \u00e9 a dem\u00eancia, uma das principais caracter\u00edsticas do Alzheimer.<\/p>\n<p class=\"gp-styles-module-size-small-afeYRa gp-styles-module-font-family2-afeYRa gp-styles-module-color-secondary-afeYRa gp-styles-module-weight-bold-afeYRa\">VEJA TAMB\u00c9M:<\/p>\n<ul class=\"postViewMore_post-view-more-list__CU_CE\">\n<li class=\"postViewMore_post-view-more-item__2MzRb\"><img loading=\"lazy\" decoding=\"async\" class=\"imageDefault_image-item__lU2Dk\" src=\"https:\/\/www.europesays.com\/pt\/wp-content\/uploads\/2025\/08\/bom-para-memoria-380x214.jpg.webp.webp\" alt=\"Ilustra\u00e7\u00e3o de um c\u00e9rebro com suas ramifica\u00e7\u00f5es, imitando os neur\u00f4nios.\" width=\"72\" height=\"72\"\/><a class=\"postViewMore_post-view-more-link-hasImage__0lssj\" href=\"https:\/\/www.gazetadopovo.com.br\/saude\/bom-para-memoria-cientistas-descobrem-alimento-capaz-de-regenerar-neuronios\/?ref=veja-tambem\" title=\"Veja tamb\u00e9m: Bom para mem\u00f3ria? Cientistas descobrem alimento capaz de regenerar neur\u00f4nios\" rel=\"nofollow noopener\" target=\"_blank\">Bom para mem\u00f3ria? Cientistas descobrem alimento capaz de regenerar neur\u00f4nios<\/a><\/li>\n<\/ul>\n<p>Novo tratamento n\u00e3o altera padr\u00f5es de sono de pacientes com Alzheimer<\/p>\n<p class=\"postParagraph_post-paragraph__juWZN\">A limpeza dessas prote\u00ednas ocorre de maneira natural nos indiv\u00edduos saud\u00e1veis, e \u00e9 feita pelo corpo durante o sono. Por isso, h\u00e1 muito tempo os cientistas associam uma m\u00e1 qualidade de sono a uma probabilidade maior de desenvolvimento de Alzheimer.<\/p>\n<p class=\"postParagraph_post-paragraph__juWZN\">Com a nova pesquisa, os especialistas mostraram que pode haver uma rela\u00e7\u00e3o entre a orexina \u2013 uma subst\u00e2ncia qu\u00edmica cerebral que nos mant\u00e9m em estado de vig\u00edlia, e que \u00e9 bloqueada pelo Suvorexant \u2013 e o aumento no \u201clixo cerebral\u201d. Estudos anteriores feitos em laborat\u00f3rio j\u00e1 indicavam que o bloqueio da orexina poderia reduzir os n\u00edveis da prote\u00edna amiloide-beta no c\u00e9rebro.<\/p>\n<p class=\"postParagraph_post-paragraph__juWZN\">Outro ponto destacado no estudo \u00e9 que, apesar de bloquear a subst\u00e2ncia que mant\u00e9m o c\u00e9rebro em estado alerta, os resultados da pesquisa n\u00e3o indicam mudan\u00e7as no padr\u00e3o de sono. O novo poss\u00edvel tratamento contra o Alzheimer n\u00e3o faz com que os pacientes durmam por mais tempo, ou que tenham uma qualidade de sono diferente do que j\u00e1 experimentavam antes do uso do rem\u00e9dio.<\/p>\n<p class=\"gp-styles-module-size-small-afeYRa gp-styles-module-font-family2-afeYRa gp-styles-module-color-secondary-afeYRa gp-styles-module-weight-bold-afeYRa\">VEJA TAMB\u00c9M:<\/p>\n<ul class=\"postViewMore_post-view-more-list__CU_CE\">\n<li class=\"postViewMore_post-view-more-item__2MzRb\"><img loading=\"lazy\" decoding=\"async\" class=\"imageDefault_image-item__lU2Dk\" src=\"https:\/\/www.europesays.com\/pt\/wp-content\/uploads\/2025\/08\/ressonancia-magnetica-parkinson-cerebro-Michal-Jarmoluk-Pixabay-380x214.jpg.webp.webp\" alt=\"Legenda: Pesquisadores utilizaram exames avan\u00e7ados de resson\u00e2ncia magn\u00e9tica para auxiliar no diagn\u00f3stico precoce da Doen\u00e7a de Parkinson.\" width=\"72\" height=\"72\"\/><a class=\"postViewMore_post-view-more-link-hasImage__0lssj\" href=\"https:\/\/www.gazetadopovo.com.br\/ideias\/presenca-anormal-de-ferro-no-cerebro-pode-ajudar-no-diagnostico-precoce-de-parkinson\/?ref=veja-tambem\" title=\"Veja tamb\u00e9m: Ac\u00famulo de ferro no c\u00e9rebro indica risco de Parkinson, diz estudo\" rel=\"nofollow noopener\" target=\"_blank\">Ac\u00famulo de ferro no c\u00e9rebro indica risco de Parkinson, diz estudo<\/a><\/li>\n<\/ul>\n<p>Anvisa ainda n\u00e3o liberou rem\u00e9dio usado na pesquisa para uso no Brasil<\/p>\n<p class=\"postParagraph_post-paragraph__juWZN\">A equipe do Dr. Lucey considerou os resultados como &#8220;muito encorajadores&#8221;, principalmente porque o estudo se baseia em um medicamento j\u00e1 em uso e com um bom hist\u00f3rico de seguran\u00e7a. No campo das pesquisas cient\u00edficas de novos medicamentos, isso pode significar um ganho significativo de tempo na preven\u00e7\u00e3o e tratamento do Alzheimer.<\/p>\n<p class=\"postParagraph_post-paragraph__juWZN\">Ainda assim, os efeitos a longo prazo dos inibidores de orexina, como o Suvorexant, ainda precisam ser estudados em novos ensaios cl\u00ednicos. Al\u00e9m disso, os resultados mostraram que o efeito do medicamento teve uma curta dura\u00e7\u00e3o, e que a manuten\u00e7\u00e3o dos baixos n\u00edveis das prote\u00ednas foi garantida com uma dose adicional.<\/p>\n<p class=\"postParagraph_post-paragraph__juWZN\">O Suvorexant ainda n\u00e3o est\u00e1 dispon\u00edvel para uso no Brasil. Assim como outros medicamentos da mesma classe dos hipn\u00f3ticos, como o Lemborexant e o Daridorexant, ainda aguarda aprova\u00e7\u00e3o da Ag\u00eancia Nacional de Vigil\u00e2ncia Sanit\u00e1ria (Anvisa) para ser comercializado em territ\u00f3rio nacional.<\/p>\n<p class=\"gp-styles-module-size-small-afeYRa gp-styles-module-font-family2-afeYRa gp-styles-module-color-secondary-afeYRa gp-styles-module-weight-bold-afeYRa\">VEJA TAMB\u00c9M:<\/p>\n<ul class=\"postViewMore_post-view-more-list__CU_CE\">\n<li class=\"postViewMore_post-view-more-item__2MzRb\"><img loading=\"lazy\" decoding=\"async\" class=\"imageDefault_image-item__lU2Dk\" src=\"https:\/\/www.europesays.com\/pt\/wp-content\/uploads\/2025\/08\/alzheimer-teste-sangue-380x214.jpg.webp.webp\" alt=\"\" width=\"72\" height=\"72\"\/><a class=\"postViewMore_post-view-more-link-hasImage__0lssj\" href=\"https:\/\/www.gazetadopovo.com.br\/mundo\/eua-liberam-1o-teste-de-sangue-para-auxiliar-no-diagnostico-do-alzheimer\/?ref=veja-tambem\" title=\"Veja tamb\u00e9m: EUA liberam 1\u00ba teste de sangue para auxiliar no diagn\u00f3stico do Alzheimer\" rel=\"nofollow noopener\" target=\"_blank\">EUA liberam 1\u00ba teste de sangue para auxiliar no diagn\u00f3stico do Alzheimer<\/a><\/li>\n<\/ul>\n","protected":false},"excerpt":{"rendered":"Pesquisadores de uma universidade dos Estados Unidos podem ter identificado uma nova forma, inesperada, de tratamento para a&hellip;\n","protected":false},"author":2,"featured_media":47455,"comment_status":"","ping_status":"","sticky":false,"template":"","format":"standard","meta":{"footnotes":""},"categories":[86],"tags":[5671,14188,116,14189,32,33,117,3062],"class_list":{"0":"post-47454","1":"post","2":"type-post","3":"status-publish","4":"format-standard","5":"has-post-thumbnail","7":"category-saude","8":"tag-anvisa","9":"tag-eua-estados-unidos","10":"tag-health","11":"tag-pesquisas","12":"tag-portugal","13":"tag-pt","14":"tag-saude","15":"tag-universidade"},"share_on_mastodon":{"url":"","error":""},"_links":{"self":[{"href":"https:\/\/www.europesays.com\/pt\/wp-json\/wp\/v2\/posts\/47454","targetHints":{"allow":["GET"]}}],"collection":[{"href":"https:\/\/www.europesays.com\/pt\/wp-json\/wp\/v2\/posts"}],"about":[{"href":"https:\/\/www.europesays.com\/pt\/wp-json\/wp\/v2\/types\/post"}],"author":[{"embeddable":true,"href":"https:\/\/www.europesays.com\/pt\/wp-json\/wp\/v2\/users\/2"}],"replies":[{"embeddable":true,"href":"https:\/\/www.europesays.com\/pt\/wp-json\/wp\/v2\/comments?post=47454"}],"version-history":[{"count":0,"href":"https:\/\/www.europesays.com\/pt\/wp-json\/wp\/v2\/posts\/47454\/revisions"}],"wp:featuredmedia":[{"embeddable":true,"href":"https:\/\/www.europesays.com\/pt\/wp-json\/wp\/v2\/media\/47455"}],"wp:attachment":[{"href":"https:\/\/www.europesays.com\/pt\/wp-json\/wp\/v2\/media?parent=47454"}],"wp:term":[{"taxonomy":"category","embeddable":true,"href":"https:\/\/www.europesays.com\/pt\/wp-json\/wp\/v2\/categories?post=47454"},{"taxonomy":"post_tag","embeddable":true,"href":"https:\/\/www.europesays.com\/pt\/wp-json\/wp\/v2\/tags?post=47454"}],"curies":[{"name":"wp","href":"https:\/\/api.w.org\/{rel}","templated":true}]}}