{"id":474857,"date":"2026-08-05T03:58:16","date_gmt":"2026-08-05T03:58:16","guid":{"rendered":"https:\/\/www.europesays.com\/pt\/474857\/"},"modified":"2026-08-05T03:58:16","modified_gmt":"2026-08-05T03:58:16","slug":"o-mirante-passageira-morre-em-despiste-de-autocarro-contra-hospital-de-tomar","status":"publish","type":"post","link":"https:\/\/www.europesays.com\/pt\/474857\/","title":{"rendered":"O MIRANTE | Passageira morre em despiste de autocarro contra Hospital de Tomar"},"content":{"rendered":"<p>Uma mulher de 64 anos morreu e duas ficaram feridas com gravidade, na sequ\u00eancia do embate de um autocarro dos Transportes Urbanos de Tomar contra o Hospital Nossa Senhora da Gra\u00e7a, em Tomar, ao in\u00edcio da tarde de 4 de Agosto, informou fonte da Unidade Local de Sa\u00fade (ULS) M\u00e9dio Tejo. Apesar de &#8220;todas as manobras de reanima\u00e7\u00e3o realizadas pelas equipas de emerg\u00eancia&#8221;, n\u00e3o foi poss\u00edvel &#8220;reverter a situa\u00e7\u00e3o&#8221;, disse a mesma fonte, acrescentando que a fam\u00edlia est\u00e1 a receber acompanhamento psicol\u00f3gico.<br \/>As duas v\u00edtimas graves foram transportadas para o Servi\u00e7o de Urg\u00eancia M\u00e9dico-Cir\u00fargica do Hospital de Abrantes com fracturas, mas encontram-se est\u00e1veis e livres de perigo, enquanto o condutor do autocarro, que sofreu ferimentos ligeiros, est\u00e1 tamb\u00e9m a receber apoio psicol\u00f3gico, adiantou a fonte.<br \/>O acidente ocorreu \u00e0s 13h38, quando um autocarro dos Transportes Urbanos de Tomar (TUT), por raz\u00f5es ainda desconhecidas, se despistou e embateu na fachada do edif\u00edcio principal do Hospital Nossa Senhora da Gra\u00e7a, junto \u00e0 entrada destinada aos visitantes. De acordo com o Comando Sub-Regional de Emerg\u00eancia e Prote\u00e7\u00e3o Civil do M\u00e9dio Tejo, foram mobilizados para o local os Bombeiros de Tomar, a PSP, a ambul\u00e2ncia de Suporte Imediato de Vida (SIV) e a Viatura M\u00e9dica de Emerg\u00eancia e Reanima\u00e7\u00e3o (VMER) da ULS M\u00e9dio Tejo, num total de oito viaturas e 17 operacionais.<br \/>Contactado pela Lusa, Tiago Carr\u00e3o, presidente da C\u00e2mara de Tomar, afirmou que o ve\u00edculo envolvido no acidente &#8220;pertence \u00e0 frota do munic\u00edpio, mas encontra-se actualmente concessionado&#8221;, adiantando que as causas do despiste &#8220;ainda est\u00e3o por apurar&#8221;.<br \/>Relativamente ao edif\u00edcio hospitalar, a ULS M\u00e9dio Tejo indicou que os danos identificados &#8220;s\u00e3o limitados&#8221;, incidindo numa veda\u00e7\u00e3o met\u00e1lica e numa zona da fachada, tendo sido delimitado um per\u00edmetro de seguran\u00e7a junto da \u00e1rea afectada. A UlS indica ter activado o Plano de Conting\u00eancia para resposta a situa\u00e7\u00f5es com m\u00faltiplas v\u00edtimas.<br \/>A ULS apelou ainda \u00e0 popula\u00e7\u00e3o para que n\u00e3o se desloque ao Hospital de Tomar por curiosidade e para que, em situa\u00e7\u00f5es de doen\u00e7a n\u00e3o emergente, contacte previamente a Linha SNS 24, atrav\u00e9s do n\u00famero 808 24 24 24, para avalia\u00e7\u00e3o de sintomas e encaminhamento para a unidade de sa\u00fade adequada.<\/p>\n","protected":false},"excerpt":{"rendered":"Uma mulher de 64 anos morreu e duas ficaram feridas com gravidade, na sequ\u00eancia do embate de um&hellip;\n","protected":false},"author":2,"featured_media":474858,"comment_status":"","ping_status":"","sticky":false,"template":"","format":"standard","meta":{"footnotes":"","_share_on_mastodon":"0"},"categories":[10],"tags":[27,28,15,16,14,6569,6568,25,26,21,22,12,13,19,20,32,23,24,33,3551,5314,17,18,29,30,31],"class_list":["post-474857","post","type-post","status-publish","format-standard","has-post-thumbnail","category-portugal","tag-breaking-news","tag-breakingnews","tag-featured-news","tag-featurednews","tag-headlines","tag-jornal-regional","tag-jornalismo-de-proximidade","tag-latest-news","tag-latestnews","tag-main-news","tag-mainnews","tag-news","tag-noticias","tag-noticias-principais","tag-noticiasprincipais","tag-portugal","tag-principais-noticias","tag-principaisnoticias","tag-pt","tag-regiao","tag-ribatejo","tag-top-stories","tag-topstories","tag-ultimas","tag-ultimas-noticias","tag-ultimasnoticias"],"share_on_mastodon":{"url":"https:\/\/pubeurope.com\/@pt\/117040900134455916","error":""},"_links":{"self":[{"href":"https:\/\/www.europesays.com\/pt\/wp-json\/wp\/v2\/posts\/474857","targetHints":{"allow":["GET"]}}],"collection":[{"href":"https:\/\/www.europesays.com\/pt\/wp-json\/wp\/v2\/posts"}],"about":[{"href":"https:\/\/www.europesays.com\/pt\/wp-json\/wp\/v2\/types\/post"}],"author":[{"embeddable":true,"href":"https:\/\/www.europesays.com\/pt\/wp-json\/wp\/v2\/users\/2"}],"replies":[{"embeddable":true,"href":"https:\/\/www.europesays.com\/pt\/wp-json\/wp\/v2\/comments?post=474857"}],"version-history":[{"count":0,"href":"https:\/\/www.europesays.com\/pt\/wp-json\/wp\/v2\/posts\/474857\/revisions"}],"wp:featuredmedia":[{"embeddable":true,"href":"https:\/\/www.europesays.com\/pt\/wp-json\/wp\/v2\/media\/474858"}],"wp:attachment":[{"href":"https:\/\/www.europesays.com\/pt\/wp-json\/wp\/v2\/media?parent=474857"}],"wp:term":[{"taxonomy":"category","embeddable":true,"href":"https:\/\/www.europesays.com\/pt\/wp-json\/wp\/v2\/categories?post=474857"},{"taxonomy":"post_tag","embeddable":true,"href":"https:\/\/www.europesays.com\/pt\/wp-json\/wp\/v2\/tags?post=474857"}],"curies":[{"name":"wp","href":"https:\/\/api.w.org\/{rel}","templated":true}]}}