{"id":474875,"date":"2026-08-05T04:24:13","date_gmt":"2026-08-05T04:24:13","guid":{"rendered":"https:\/\/www.europesays.com\/pt\/474875\/"},"modified":"2026-08-05T04:24:13","modified_gmt":"2026-08-05T04:24:13","slug":"espanha-oculos-seguros-para-ver-o-eclipse-total-e-onde-obte-los-gratis","status":"publish","type":"post","link":"https:\/\/www.europesays.com\/pt\/474875\/","title":{"rendered":"Espanha: \u00f3culos seguros para ver o eclipse total e onde obt\u00ea-los gr\u00e1tis"},"content":{"rendered":"<p>Conv\u00e9m fixar este n\u00famero para o <a href=\"https:\/\/pt.euronews.com\/2026\/08\/03\/espanha-observa-primeiro-eclipse-solar-total-em-mais-de-um-seculo\" rel=\"nofollow noopener\" target=\"_blank\"><strong>eclipse que atravessar\u00e1 a Pen\u00ednsula Ib\u00e9rica<\/strong><\/a> <strong>no pr\u00f3ximo dia 12 de agosto<\/strong>. Tendo essa data como refer\u00eancia, o n\u00famero ISO (a Organiza\u00e7\u00e3o Internacional de Normaliza\u00e7\u00e3o) dos \u00f3culos especiais que devem ser usados para observar com precau\u00e7\u00e3o este fen\u00f3meno, \u00fanico neste s\u00e9culo, \u00e9 f\u00e1cil de memorizar: <strong>12312-2015.<\/strong><\/p>\n<p>          <img decoding=\"async\" class=\"c-ad__placeholder__logo\" src=\"https:\/\/static.euronews.com\/website\/images\/logos\/logo-euronews-stacked-outlined-72x72-grey-9.svg\" width=\"72\" height=\"72\" alt=\"\" loading=\"lazy\"\/><br \/>\n          PUBLICIDADE<\/p>\n<p>          <img decoding=\"async\" class=\"c-ad__placeholder__logo\" src=\"https:\/\/static.euronews.com\/website\/images\/logos\/logo-euronews-stacked-outlined-72x72-grey-9.svg\" width=\"72\" height=\"72\" alt=\"\" loading=\"lazy\"\/><br \/>\n          PUBLICIDADE<\/p>\n<p>Sem estes \u00f3culos, a radia\u00e7\u00e3o ultravioleta danificar\u00e1, por um lado, os fotorrecetores do olho (os cones e os bastonetes) e a energia infravermelha produzir\u00e1 um efeito t\u00e9rmico direto na retina, provocando uma <strong>retinopatia solar<\/strong>. Os sintomas desta patologia, que podem demorar a manifestar-se, incluem vis\u00e3o turva, manchas ou escotomas no ponto de maior acuidade visual, metamorfopsia (perce\u00e7\u00e3o distorcida das formas) e menor toler\u00e2ncia \u00e0 luz, ou fotofobia, que pode causar dores de cabe\u00e7a.<\/p>\n<p><strong>A fase total<\/strong> do eclipse n\u00e3o ultrapassar\u00e1 um minuto e 48 segundos \u2013 quanto mais perto da linha de totalidade, mais segundos se poder\u00e1 apreciar o fen\u00f3meno \u2013 em nenhum ponto do seu percurso por Espanha. \u00c9 nesse breve momento que os observadores mais afortunados <strong>podem tirar os \u00f3culos homologados<\/strong>.<\/p>\n<p>A norma ISO 12312-2 aplica-se apenas a determinados produtos destinados \u00e0 observa\u00e7\u00e3o direta do Sol, <strong>ou daquilo a que os astr\u00f3nomos chamam fotosfera<\/strong>: a face brilhante do Sol. Estes filtros garantem que n\u00e3o passa mais de 0,00032% da luz solar vis\u00edvel. O Minist\u00e9rio da Ci\u00eancia explica que \u201c\u00e9 preciso colocar os \u00f3culos antes de olhar para o Sol, olhar brevemente durante alguns segundos e baixar de novo o olhar, repetindo a observa\u00e7\u00e3o do eclipse sempre com pausas\u201d. N\u00e3o se devem tirar os \u00f3culos antes de deixar de olhar para o Sol.<\/p>\n<p>A norma aplica-se apenas a \u00f3culos <strong>sem mudan\u00e7a de gradua\u00e7\u00e3o nem de foco<\/strong>. N\u00e3o se aplica aos \u00f3culos de sol comuns (ISO 12312-1), que deixam passar centenas ou milhares de vezes mais luz do que \u00e9 seguro para olhar diretamente para o Sol, nem a filtros solares concebidos para aparelhos como telesc\u00f3pios ou bin\u00f3culos. Tamb\u00e9m n\u00e3o se aplica a filtros solares feitos para serem colocados sobre a abertura (frontal) de dispositivos \u00f3ticos como objetivas de c\u00e2maras, bin\u00f3culos ou telesc\u00f3pios.<\/p>\n<p>Os requisitos definidos dizem respeito \u00e0 <strong>transmit\u00e2ncia<\/strong> (a rela\u00e7\u00e3o entre a luz transmitida e a luz incidente) nas diferentes comprimentos de onda ultravioleta, vis\u00edvel e infravermelha que chegam \u00e0s nossas retinas, \u00e0 <strong>uniformidade<\/strong> dessa transmit\u00e2ncia e \u00e0 adequada <strong>qualidade do material<\/strong>. A Comiss\u00e3o Cient\u00edfica e de Aconselhamento do Tr\u00edo de Eclipses acrescenta que, se forem vendidos na Uni\u00e3o Europeia, estes produtos devem ainda ostentar a marca CE.<\/p>\n<p>O Minist\u00e9rio e a ONCE v\u00e3o distribuir <strong>dois milh\u00f5es de \u00f3culos homologados gratuitos<\/strong> em postos desta funda\u00e7\u00e3o e em centros de investiga\u00e7\u00e3o, museus de ci\u00eancia e outras entidades p\u00fablicas. V\u00e1rias comunidades aut\u00f3nomas tamb\u00e9m v\u00e3o distribuir estes \u00f3culos homologados nos locais preparados para observar o fen\u00f3meno astron\u00f3mico. <a href=\"https:\/\/www.ciencia.gob.es\/Noticias\/2026\/julio\/Gobierno-ONCE-gafas-eclipse.html\" target=\"_blank\" rel=\"noreferrer nofollow noopener\">Aqui tem a lista dos locais onde pode obter os \u00f3culos gratuitamente (fonte em espanhol)<\/a>.<\/p>\n","protected":false},"excerpt":{"rendered":"Conv\u00e9m fixar este n\u00famero para o eclipse que atravessar\u00e1 a Pen\u00ednsula Ib\u00e9rica no pr\u00f3ximo dia 12 de agosto.&hellip;\n","protected":false},"author":2,"featured_media":474876,"comment_status":"","ping_status":"","sticky":false,"template":"","format":"standard","meta":{"footnotes":"","_share_on_mastodon":"0"},"categories":[84],"tags":[109,107,108,55608,640,32,33,117,105,103,104,106,110],"class_list":["post-474875","post","type-post","status-publish","format-standard","has-post-thumbnail","category-ciencia-e-tecnologia","tag-ciencia","tag-ciencia-e-tecnologia","tag-cienciaetecnologia","tag-eclipse-total-do-sol","tag-espanha","tag-portugal","tag-pt","tag-saude","tag-science","tag-science-and-technology","tag-scienceandtechnology","tag-technology","tag-tecnologia"],"share_on_mastodon":{"url":"https:\/\/pubeurope.com\/@pt\/117041003004936256","error":""},"_links":{"self":[{"href":"https:\/\/www.europesays.com\/pt\/wp-json\/wp\/v2\/posts\/474875","targetHints":{"allow":["GET"]}}],"collection":[{"href":"https:\/\/www.europesays.com\/pt\/wp-json\/wp\/v2\/posts"}],"about":[{"href":"https:\/\/www.europesays.com\/pt\/wp-json\/wp\/v2\/types\/post"}],"author":[{"embeddable":true,"href":"https:\/\/www.europesays.com\/pt\/wp-json\/wp\/v2\/users\/2"}],"replies":[{"embeddable":true,"href":"https:\/\/www.europesays.com\/pt\/wp-json\/wp\/v2\/comments?post=474875"}],"version-history":[{"count":0,"href":"https:\/\/www.europesays.com\/pt\/wp-json\/wp\/v2\/posts\/474875\/revisions"}],"wp:featuredmedia":[{"embeddable":true,"href":"https:\/\/www.europesays.com\/pt\/wp-json\/wp\/v2\/media\/474876"}],"wp:attachment":[{"href":"https:\/\/www.europesays.com\/pt\/wp-json\/wp\/v2\/media?parent=474875"}],"wp:term":[{"taxonomy":"category","embeddable":true,"href":"https:\/\/www.europesays.com\/pt\/wp-json\/wp\/v2\/categories?post=474875"},{"taxonomy":"post_tag","embeddable":true,"href":"https:\/\/www.europesays.com\/pt\/wp-json\/wp\/v2\/tags?post=474875"}],"curies":[{"name":"wp","href":"https:\/\/api.w.org\/{rel}","templated":true}]}}