{"id":475403,"date":"2026-08-05T14:10:24","date_gmt":"2026-08-05T14:10:24","guid":{"rendered":"https:\/\/www.europesays.com\/pt\/475403\/"},"modified":"2026-08-05T14:10:24","modified_gmt":"2026-08-05T14:10:24","slug":"video-neymar-responde-a-provocacoes-e-e-chamado-de-vagabundo","status":"publish","type":"post","link":"https:\/\/www.europesays.com\/pt\/475403\/","title":{"rendered":"V\u00cdDEO: Neymar responde a provoca\u00e7\u00f5es e \u00e9 chamado de \u00abvagabundo\u00bb"},"content":{"rendered":"<p style=\"margin-bottom:11px\">O apuramento do Santos para os quartos de final da Ta\u00e7a do Brasil ficou marcado por um epis\u00f3dio tenso que envolveu Neymar e membros da comitiva do Remo, na zona de acesso aos balne\u00e1rios.<\/p>\n<p>Ap\u00f3s o encontro, que o Santos venceu por 1-0, Neymar come\u00e7ou por atirar beijos na dire\u00e7\u00e3o das bancadas em resposta \u00e0s vaias dos adeptos do Remo e, \u00e0 entrada do balne\u00e1rio,\u00a0reagiu de forma en\u00e9rgica a insultos a si dirigidos, gritando a palavra \u00abeliminado\u00bb, batendo com a m\u00e3o no s\u00edmbolo do clube e saltando com os bra\u00e7os no ar, em tom provocat\u00f3rio.<\/p>\n<p>Pessoas ligadas ao Remo presentes naquela zona responderam \u00e0s provoca\u00e7\u00f5es do internacional brasileiro, chegando mesmo a derrubar barreiras de seguran\u00e7a que separavam as duas comitivas.<\/p>\n<p>A situa\u00e7\u00e3o s\u00f3 acalmou ap\u00f3s a interven\u00e7\u00e3o da equipa de seguran\u00e7a presente no Est\u00e1dio Ol\u00edmpico do Par\u00e1.<\/p>\n<p style=\"margin-bottom:11px\">Na rea\u00e7\u00e3o ao caso, o presidente do Remo, Ant\u00f3nio Carlos Teixeira, n\u00e3o foi brando com Neymar. \u00abFoi uma grande campanha (do Remo na Ta\u00e7a). Agora, sentimos que fomos prejudicados. O Santos n\u00e3o precisa disso. E esse vagabundo desse Neymar, que \u00e9 idolatrado por um bando de crian\u00e7as, que fez as palha\u00e7adas dele aqui, ainda veio provocar. Ent\u00e3o, a gente \u00e9 culpada de idolatrar um bando de vagabundo como ele\u00bb, disse, ao portal O Fluxo.<\/p>\n<p>Depois do 0-0 registado na primeira m\u00e3o, o Santos seguiu em frente na Ta\u00e7a do Brasil gra\u00e7as ao golo apontado por Rony aos 74 minutos, com assist\u00eancia de Neymar, dois jogadores lan\u00e7ados pelo treinador do Peixe, Cuca, ao intervalo.<\/p>\n","protected":false},"excerpt":{"rendered":"O apuramento do Santos para os quartos de final da Ta\u00e7a do Brasil ficou marcado por um epis\u00f3dio&hellip;\n","protected":false},"author":2,"featured_media":475404,"comment_status":"","ping_status":"","sticky":false,"template":"","format":"standard","meta":{"footnotes":"","_share_on_mastodon":"0"},"categories":[87],"tags":[726,76095,76096,135,82,1356,46,1996,32,33,47,8755,76097,7982,134,7185,578],"class_list":["post-475403","post","type-post","status-publish","format-standard","has-post-thumbnail","category-desporto","tag-brasil","tag-copa-brasil","tag-cuca","tag-desporto","tag-internacional","tag-mais-futebol","tag-maisfutebol","tag-neymar","tag-portugal","tag-pt","tag-pura-paixao","tag-remodelacao","tag-rony","tag-santos","tag-sports","tag-taca-do-brasil","tag-video"],"share_on_mastodon":{"url":"https:\/\/pubeurope.com\/@pt\/117043306667234406","error":""},"_links":{"self":[{"href":"https:\/\/www.europesays.com\/pt\/wp-json\/wp\/v2\/posts\/475403","targetHints":{"allow":["GET"]}}],"collection":[{"href":"https:\/\/www.europesays.com\/pt\/wp-json\/wp\/v2\/posts"}],"about":[{"href":"https:\/\/www.europesays.com\/pt\/wp-json\/wp\/v2\/types\/post"}],"author":[{"embeddable":true,"href":"https:\/\/www.europesays.com\/pt\/wp-json\/wp\/v2\/users\/2"}],"replies":[{"embeddable":true,"href":"https:\/\/www.europesays.com\/pt\/wp-json\/wp\/v2\/comments?post=475403"}],"version-history":[{"count":0,"href":"https:\/\/www.europesays.com\/pt\/wp-json\/wp\/v2\/posts\/475403\/revisions"}],"wp:featuredmedia":[{"embeddable":true,"href":"https:\/\/www.europesays.com\/pt\/wp-json\/wp\/v2\/media\/475404"}],"wp:attachment":[{"href":"https:\/\/www.europesays.com\/pt\/wp-json\/wp\/v2\/media?parent=475403"}],"wp:term":[{"taxonomy":"category","embeddable":true,"href":"https:\/\/www.europesays.com\/pt\/wp-json\/wp\/v2\/categories?post=475403"},{"taxonomy":"post_tag","embeddable":true,"href":"https:\/\/www.europesays.com\/pt\/wp-json\/wp\/v2\/tags?post=475403"}],"curies":[{"name":"wp","href":"https:\/\/api.w.org\/{rel}","templated":true}]}}