{"id":475451,"date":"2026-08-05T14:45:38","date_gmt":"2026-08-05T14:45:38","guid":{"rendered":"https:\/\/www.europesays.com\/pt\/475451\/"},"modified":"2026-08-05T14:45:38","modified_gmt":"2026-08-05T14:45:38","slug":"gandra-dalmeida-alvo-de-processo-no-exercito-observador","status":"publish","type":"post","link":"https:\/\/www.europesays.com\/pt\/475451\/","title":{"rendered":"Gandra D&#8217;Almeida alvo de processo no Ex\u00e9rcito \u2013 Observador"},"content":{"rendered":"<p>O Ex\u00e9rcito abriu um processo disciplinar ao tenente-coronel e m\u00e9dico Ant\u00f3nio Gandra D\u2019Almeida, ex-diretor-executivo do SNS, noticia o <a href=\"https:\/\/www.cmjornal.pt\/portugal\/detalhe\/exercito-abre-processo-disciplinar-a-gandra-d-almeida\" rel=\"nofollow noopener\" target=\"_blank\">Correio da Manh\u00e3<\/a>, devido \u00e0s irregularidades que constam de um relat\u00f3rio da Inspe\u00e7\u00e3o-Geral das Atividades em Sa\u00fade (IGAS), divulgado em maio, e que concluiu que o m\u00e9dico violou as normas do INEM relativas \u00e0 acumula\u00e7\u00e3o de fun\u00e7\u00f5es e tamb\u00e9m as normas de impedimento da Dire\u00e7\u00e3o Executiva do SNS.<\/p>\n<p>\u201cAp\u00f3s a rece\u00e7\u00e3o e an\u00e1lise do relat\u00f3rio da IGAS, foi determinada a<strong> instaura\u00e7\u00e3o de processo disciplinar<\/strong>, n\u00e3o sendo prestados outros elementos, atendendo \u00e0 natureza reservada do procedimento em curso\u201d, adiantou ao Correio da Manh\u00e3 fonte oficial do Ex\u00e9rcito.<\/p>\n<p>De acordo com a <a href=\"https:\/\/observador.pt\/2026\/05\/08\/ex-diretor-executivo-do-sns-violou-normas-de-acumulacoes-de-funcoes-e-aumentou-se-a-si-proprio-mas-igas-conclui-que-nao-pode-ser-penalizado\/\" rel=\"nofollow noopener\" target=\"_blank\">inspe\u00e7\u00e3o da IGAS<\/a>, Ant\u00f3nio Gandra D\u2019Almeida foi nomeado a 1 de novembro de 2021 para o cargo de diretor da Delega\u00e7\u00e3o Regional do Norte do INEM, tendo exercido esse cargo, \u201cdesde o primeiro dia, <strong>acumulando fun\u00e7\u00f5es privadas, sem que estivesse devidamente autorizado para o efeito<\/strong>\u201d. Entre 2021 e 2024, o m\u00e9dico cirurgi\u00e3o trabalhou como tarefeiro em v\u00e1rios hospitais no SNS, tendo firmado \u201ccontratos de presta\u00e7\u00e3o de servi\u00e7os atrav\u00e9s de duas empresas de que era s\u00f3cio e gerente, qualidade que manteve ap\u00f3s ser nomeado diretor da Delega\u00e7\u00e3o Regional do Norte do INEM\u201d.<\/p>\n<blockquote class=\"wp-embedded-content\" data-secret=\"zX5BC82wKg\">\n<p><a href=\"https:\/\/observador.pt\/2026\/05\/08\/ex-diretor-executivo-do-sns-violou-normas-de-acumulacoes-de-funcoes-e-aumentou-se-a-si-proprio-mas-igas-conclui-que-nao-pode-ser-penalizado\/\" rel=\"nofollow noopener\" target=\"_blank\">Ex-diretor executivo do SNS acumulou fun\u00e7\u00f5es que n\u00e3o podia e aumentou-se a si pr\u00f3prio, mas IGAS conclui que n\u00e3o podem ser aplicadas san\u00e7\u00f5es<\/a><\/p>\n<\/blockquote>\n<p>As autoriza\u00e7\u00f5es para acumula\u00e7\u00e3o de fun\u00e7\u00f5es privadas em 2022 e 2023 foram concedidas a Gandra D\u2019Almeida, mas s\u00f3 permitiam acumular at\u00e9 15 horas por semana em 2022 e at\u00e9 19 horas por semana em 2023 \u2014 limites que foram largamente ultrapassados pelo m\u00e9dico, que chegava a trabalhar mais de 70 horas por semana em hospitais do SNS. Para al\u00e9m disso, ao solicitar as autoriza\u00e7\u00f5es para acumula\u00e7\u00e3o de fun\u00e7\u00f5es, o m\u00e9dico e militar \u201cn\u00e3o mencionou os locais onde estas eram exercidas, nem a respetiva carga hor\u00e1ria, ou hor\u00e1rio\u201d, critica a IGAS.<\/p>\n<p>Segundo a IGAS, no exerc\u00edcio do cargo de diretor executivo do SNS, Gandra D\u2019Almeida cometeu outra irregularidade, ao ter \u201c<strong>autorizado o pagamento de valor\/hora majorado<\/strong>, relativo a um contrato de presta\u00e7\u00e3o de servi\u00e7os adjudicado a uma das suas empresas, sendo o pr\u00f3prio o prestador dos servi\u00e7os, e ignorando as regras relativas aos impedimentos\u201d da Dire\u00e7\u00e3o Executiva do SNS.<\/p>\n<p>Relativamente \u00e0 assiduidade, a IGAS concluiu, no relat\u00f3rio homologado em abril, que, embora Gandra D\u2019Almeida registasse a respetiva assiduidade na respetiva aplica\u00e7\u00e3o, esta \u201cn\u00e3o era monitorizada, nem controlada superiormente\u201d, tendo esse facto resultado em \u201csobreposi\u00e7\u00e3o de hor\u00e1rios e em benef\u00edcio financeiro em todos os anos considerados\u201d.<\/p>\n<p>Quanto \u00e0s eventuais consequ\u00eancias da viola\u00e7\u00e3o das regras, e eventual san\u00e7\u00e3o disciplinar para Gandra D\u2019Almeida, \u201cdesignadamente a cessa\u00e7\u00e3o da comiss\u00e3o de servi\u00e7o\u201d, n\u00e3o \u00e9 poss\u00edvel a aplica\u00e7\u00e3o de qualquer san\u00e7\u00e3o, diz a IGAS, n\u00e3o s\u00f3 porque Gandra D\u2019Almeida deixou o cargo de dire\u00e7\u00e3o do INEM em 2024 (pouco antes de ter sido escolhido pelo Governo para liderar a Dire\u00e7\u00e3o Executiva do SNS) como tamb\u00e9m pelo facto de ser militar e n\u00e3o estar abrigo da Lei do Trabalho em Fun\u00e7\u00f5es P\u00fablicas (LTFP).<\/p>\n","protected":false},"excerpt":{"rendered":"O Ex\u00e9rcito abriu um processo disciplinar ao tenente-coronel e m\u00e9dico Ant\u00f3nio Gandra D\u2019Almeida, ex-diretor-executivo do SNS, noticia o&hellip;\n","protected":false},"author":2,"featured_media":475452,"comment_status":"","ping_status":"","sticky":false,"template":"","format":"standard","meta":{"footnotes":"","_share_on_mastodon":"0"},"categories":[10],"tags":[27,28,2537,18821,15,16,14,7923,25,26,21,22,12,13,19,20,57,32,23,24,33,2946,1209,58,17,18,29,30,31],"class_list":["post-475451","post","type-post","status-publish","format-standard","has-post-thumbnail","category-portugal","tag-breaking-news","tag-breakingnews","tag-defesa","tag-exu00e9rcito","tag-featured-news","tag-featurednews","tag-headlines","tag-inem","tag-latest-news","tag-latestnews","tag-main-news","tag-mainnews","tag-news","tag-noticias","tag-noticias-principais","tag-noticiasprincipais","tag-pau00eds","tag-portugal","tag-principais-noticias","tag-principaisnoticias","tag-pt","tag-sau00fade","tag-serviu00e7o-nacional-de-sau00fade","tag-sociedade","tag-top-stories","tag-topstories","tag-ultimas","tag-ultimas-noticias","tag-ultimasnoticias"],"share_on_mastodon":{"url":"https:\/\/pubeurope.com\/@pt\/117043444056235748","error":""},"_links":{"self":[{"href":"https:\/\/www.europesays.com\/pt\/wp-json\/wp\/v2\/posts\/475451","targetHints":{"allow":["GET"]}}],"collection":[{"href":"https:\/\/www.europesays.com\/pt\/wp-json\/wp\/v2\/posts"}],"about":[{"href":"https:\/\/www.europesays.com\/pt\/wp-json\/wp\/v2\/types\/post"}],"author":[{"embeddable":true,"href":"https:\/\/www.europesays.com\/pt\/wp-json\/wp\/v2\/users\/2"}],"replies":[{"embeddable":true,"href":"https:\/\/www.europesays.com\/pt\/wp-json\/wp\/v2\/comments?post=475451"}],"version-history":[{"count":0,"href":"https:\/\/www.europesays.com\/pt\/wp-json\/wp\/v2\/posts\/475451\/revisions"}],"wp:featuredmedia":[{"embeddable":true,"href":"https:\/\/www.europesays.com\/pt\/wp-json\/wp\/v2\/media\/475452"}],"wp:attachment":[{"href":"https:\/\/www.europesays.com\/pt\/wp-json\/wp\/v2\/media?parent=475451"}],"wp:term":[{"taxonomy":"category","embeddable":true,"href":"https:\/\/www.europesays.com\/pt\/wp-json\/wp\/v2\/categories?post=475451"},{"taxonomy":"post_tag","embeddable":true,"href":"https:\/\/www.europesays.com\/pt\/wp-json\/wp\/v2\/tags?post=475451"}],"curies":[{"name":"wp","href":"https:\/\/api.w.org\/{rel}","templated":true}]}}