{"id":475641,"date":"2026-08-05T17:42:14","date_gmt":"2026-08-05T17:42:14","guid":{"rendered":"https:\/\/www.europesays.com\/pt\/475641\/"},"modified":"2026-08-05T17:42:14","modified_gmt":"2026-08-05T17:42:14","slug":"uniao-europeia-altera-regras-para-as-capsulas-de-cafe-saiba-o-que-muda","status":"publish","type":"post","link":"https:\/\/www.europesays.com\/pt\/475641\/","title":{"rendered":"Uni\u00e3o Europeia altera regras para as c\u00e1psulas de caf\u00e9. Saiba o que muda"},"content":{"rendered":"<p>A Uni\u00e3o Europeia vai introduzir novas regras para as c\u00e1psulas de caf\u00e9, que passam a ser oficialmente classificadas como embalagens ao abrigo do novo Regulamento relativo \u00e0s Embalagens e Res\u00edduos de Embalagens (PPWR).<\/p>\n<p><a target=\"_blank\" href=\"https:\/\/pplware.sapo.pt\/wp-content\/uploads\/2026\/08\/capsula_x00.jpg\" onclick=\"refreshIframe()\" class=\"foobox\" rel=\"nofollow noopener\"><img fetchpriority=\"high\" decoding=\"async\" src=\"https:\/\/www.europesays.com\/pt\/wp-content\/uploads\/2026\/08\/capsula_x00-720x405.jpg\" alt=\"Uni\u00e3o Europeia altera regras para as c\u00e1psulas de caf\u00e9. Saiba o que muda\" width=\"720\" height=\"405\" class=\"aligncenter wp-image-1133933 size-medium\"  \/><\/a><\/p>\n<p>A medida entra em vigor a 12 de agosto de 2026 e pretende uniformizar a forma como este tipo de produto \u00e9 tratado em todos os Estados-Membros.<\/p>\n<p>A decis\u00e3o elimina as diferentes interpreta\u00e7\u00f5es que existiam at\u00e9 agora sobre a natureza das c\u00e1psulas e abre caminho para uma gest\u00e3o mais consistente dos seus res\u00edduos, enquadrando-as nas pol\u00edticas europeias de economia circular.<\/p>\n<p>C\u00e1psulas de caf\u00e9: O que muda para os consumidores?<\/p>\n<p>Na pr\u00e1tica, a altera\u00e7\u00e3o n\u00e3o significa que os consumidores tenham de mudar imediatamente os seus h\u00e1bitos de reciclagem.<\/p>\n<p>Em Portugal, as c\u00e1psulas de caf\u00e9 continuam a dever ser encaminhadas de acordo com as indica\u00e7\u00f5es do fabricante ou dos sistemas de recolha existentes. Isto porque muitas c\u00e1psulas cont\u00eam res\u00edduos org\u00e2nicos de caf\u00e9 ou s\u00e3o produzidas com materiais distintos, como alum\u00ednio, pl\u00e1stico ou materiais compost\u00e1veis, exigindo processos de tratamento espec\u00edficos.<\/p>\n<p><a target=\"_blank\" href=\"https:\/\/pplware.sapo.pt\/wp-content\/uploads\/2026\/08\/capsula_x2.jpg\" onclick=\"refreshIframe()\" class=\"foobox\" rel=\"nofollow noopener\"><img loading=\"lazy\" decoding=\"async\" src=\"https:\/\/www.europesays.com\/pt\/wp-content\/uploads\/2026\/08\/capsula_x2-720x405.jpg\" alt=\"Uni\u00e3o Europeia altera regras para as c\u00e1psulas de caf\u00e9. Saiba o que muda\" width=\"720\" height=\"405\" class=\"aligncenter wp-image-1133934 size-medium\"  \/><\/a><\/p>\n<p>Assim, a entrada em vigor da nova legisla\u00e7\u00e3o n\u00e3o implica que todas as c\u00e1psulas possam ser colocadas diretamente no ecoponto amarelo.<\/p>\n<p>Ao serem consideradas embalagens, as c\u00e1psulas passam a integrar o regime europeu aplic\u00e1vel aos produtores de embalagens. Isso significa que <strong>os fabricantes ter\u00e3o de cumprir requisitos relacionados com a gest\u00e3o do fim de vida dos produtos<\/strong>, contribuindo para objetivos mais ambiciosos de reutiliza\u00e7\u00e3o, reciclagem e redu\u00e7\u00e3o de res\u00edduos.<\/p>\n","protected":false},"excerpt":{"rendered":"A Uni\u00e3o Europeia vai introduzir novas regras para as c\u00e1psulas de caf\u00e9, que passam a ser oficialmente classificadas&hellip;\n","protected":false},"author":2,"featured_media":475642,"comment_status":"","ping_status":"","sticky":false,"template":"","format":"standard","meta":{"footnotes":"","_share_on_mastodon":"0"},"categories":[10],"tags":[27,28,2373,76133,15,16,14,25,26,21,22,12,13,19,20,32,23,24,33,17,18,1977,29,30,31],"class_list":["post-475641","post","type-post","status-publish","format-standard","has-post-thumbnail","category-portugal","tag-breaking-news","tag-breakingnews","tag-cafe","tag-capsulas-de-cafe","tag-featured-news","tag-featurednews","tag-headlines","tag-latest-news","tag-latestnews","tag-main-news","tag-mainnews","tag-news","tag-noticias","tag-noticias-principais","tag-noticiasprincipais","tag-portugal","tag-principais-noticias","tag-principaisnoticias","tag-pt","tag-top-stories","tag-topstories","tag-ue","tag-ultimas","tag-ultimas-noticias","tag-ultimasnoticias"],"share_on_mastodon":{"url":"https:\/\/pubeurope.com\/@pt\/117044141001479278","error":""},"_links":{"self":[{"href":"https:\/\/www.europesays.com\/pt\/wp-json\/wp\/v2\/posts\/475641","targetHints":{"allow":["GET"]}}],"collection":[{"href":"https:\/\/www.europesays.com\/pt\/wp-json\/wp\/v2\/posts"}],"about":[{"href":"https:\/\/www.europesays.com\/pt\/wp-json\/wp\/v2\/types\/post"}],"author":[{"embeddable":true,"href":"https:\/\/www.europesays.com\/pt\/wp-json\/wp\/v2\/users\/2"}],"replies":[{"embeddable":true,"href":"https:\/\/www.europesays.com\/pt\/wp-json\/wp\/v2\/comments?post=475641"}],"version-history":[{"count":0,"href":"https:\/\/www.europesays.com\/pt\/wp-json\/wp\/v2\/posts\/475641\/revisions"}],"wp:featuredmedia":[{"embeddable":true,"href":"https:\/\/www.europesays.com\/pt\/wp-json\/wp\/v2\/media\/475642"}],"wp:attachment":[{"href":"https:\/\/www.europesays.com\/pt\/wp-json\/wp\/v2\/media?parent=475641"}],"wp:term":[{"taxonomy":"category","embeddable":true,"href":"https:\/\/www.europesays.com\/pt\/wp-json\/wp\/v2\/categories?post=475641"},{"taxonomy":"post_tag","embeddable":true,"href":"https:\/\/www.europesays.com\/pt\/wp-json\/wp\/v2\/tags?post=475641"}],"curies":[{"name":"wp","href":"https:\/\/api.w.org\/{rel}","templated":true}]}}