{"id":475889,"date":"2026-08-05T21:21:19","date_gmt":"2026-08-05T21:21:19","guid":{"rendered":"https:\/\/www.europesays.com\/pt\/475889\/"},"modified":"2026-08-05T21:21:19","modified_gmt":"2026-08-05T21:21:19","slug":"action-lanca-aspirador-vertical-estilo-dyson-ao-preco-mais-baixo-do-mercado","status":"publish","type":"post","link":"https:\/\/www.europesays.com\/pt\/475889\/","title":{"rendered":"Action lan\u00e7a aspirador vertical (estilo Dyson) ao pre\u00e7o mais baixo do mercado"},"content":{"rendered":"<p>Quem anda de olho num <a href=\"https:\/\/www.action.com\/pt-pt\/p\/3005298\/aspirador-vertical-2-em-1-sauber\/\" target=\"_blank\" rel=\"noopener nofollow\">aspirador vertical<\/a> sem fios mas hesita em pagar os pre\u00e7os de marcas como a Dyson tem agora uma super alternativa mais em conta na Action.<\/p>\n<p>Assim sendo encontramos o aspirador Beldray, com design cinzento e branco muito semelhante ao das m\u00e1quinas premium, est\u00e1 \u00e0 venda por bem menos dos 300 euros da Dyson.<\/p>\n<p>            <img decoding=\"async\" src=\"https:\/\/www.europesays.com\/pt\/wp-content\/uploads\/2026\/08\/1785964878_35_supergirl.jpg\" alt=\"Supergirl\"\/><\/p>\n<p>Quais s\u00e3o as especifica\u00e7\u00f5es?<br \/>\n<img loading=\"lazy\" decoding=\"async\" class=\"size-full wp-image-767417\" src=\"https:\/\/www.europesays.com\/pt\/wp-content\/uploads\/2026\/08\/1785964879_326_aspirador-action.webp\" alt=\"aspirador action\" width=\"1200\" height=\"1215\"  \/>\u00a9 Action<\/p>\n<p>O aspirador vertical \u00e9 sem fios e recarreg\u00e1vel. Assim sendo tem at\u00e9 35 minutos de autonomia por carga, e vem com 6 pe\u00e7as, incluindo diferentes acess\u00f3rios para adaptar a limpeza a cada superf\u00edcie. Um dos pontos fortes \u00e9 o tubo flex\u00edvel. Ou seja, facilita o acesso a zonas mais complicadas, como debaixo do sof\u00e1 ou entre m\u00f3veis, sem ter de arrastar o corpo do aspirador.<\/p>\n<p>A Beldray destaca ainda que este modelo foi pensado especialmente para casas com animais de estima\u00e7\u00e3o. Sendo eficaz a remover pelos e poeiras tanto de mobili\u00e1rio como de pavimentos.<\/p>\n<p>O que esperar deste aspirador ao pre\u00e7o da Action?<\/p>\n<p>Ao contr\u00e1rio das marcas topo de gama, como a Dyson, este aspirador n\u00e3o promete a mesma pot\u00eancia de suc\u00e7\u00e3o nem a mesma autonomia de bateria. Ou seja, os 35 minutos ficam aqu\u00e9m dos 60 minutos ou mais que alguns modelos premium oferecem. Al\u00e9m disso, a constru\u00e7\u00e3o tamb\u00e9m n\u00e3o usa os mesmos materiais.<\/p>\n<p>Ainda assim, para quem quer um aspirador leve, sem fios, para o dia a dia (aspira\u00e7\u00f5es r\u00e1pidas, pelos de animais, sof\u00e1s e cantos dif\u00edceis), cumpre a fun\u00e7\u00e3o sem exigir o investimento de uma Dyson ou Shark.<\/p>\n<p>\u00c9 uma boa op\u00e7\u00e3o de entrada para quem experimenta pela primeira vez um aspirador vertical sem fios, ou quer ter uma segunda op\u00e7\u00e3o mais leve para limpezas r\u00e1pidas. Assim sendo o aspirador Beldray j\u00e1 est\u00e1 dispon\u00edvel nas <a href=\"https:\/\/www.magazine-hd.com\/apps\/wp\/action-lanca-mala-porao-mais-barata-sempre\/\" target=\"_blank\" rel=\"noopener nofollow\">lojas<\/a> Action. No entanto, n\u00e3o \u00e9 garantido que haja em todas as lojas, depende sempre do <a href=\"https:\/\/www.magazine-hd.com\/apps\/wp\/action-lanca-secador-cabelo-estilo-dyson-preco-mais-baixo-sempre-semana\/\" target=\"_blank\" rel=\"noopener nofollow\">stock<\/a>.<\/p>\n","protected":false},"excerpt":{"rendered":"Quem anda de olho num aspirador vertical sem fios mas hesita em pagar os pre\u00e7os de marcas como&hellip;\n","protected":false},"author":2,"featured_media":475890,"comment_status":"","ping_status":"","sticky":false,"template":"","format":"standard","meta":{"footnotes":"","_share_on_mastodon":"0"},"categories":[85],"tags":[7575,36400,2402,16690,114,115,635,68513,32,2406,33],"class_list":["post-475889","post","type-post","status-publish","format-standard","has-post-thumbnail","category-entretenimento","tag-action","tag-aspirador-vertical","tag-descontos","tag-dyson","tag-entertainment","tag-entretenimento","tag-novidade","tag-pechincha","tag-portugal","tag-promocao","tag-pt"],"share_on_mastodon":{"url":"https:\/\/pubeurope.com\/@pt\/117045002060810962","error":""},"_links":{"self":[{"href":"https:\/\/www.europesays.com\/pt\/wp-json\/wp\/v2\/posts\/475889","targetHints":{"allow":["GET"]}}],"collection":[{"href":"https:\/\/www.europesays.com\/pt\/wp-json\/wp\/v2\/posts"}],"about":[{"href":"https:\/\/www.europesays.com\/pt\/wp-json\/wp\/v2\/types\/post"}],"author":[{"embeddable":true,"href":"https:\/\/www.europesays.com\/pt\/wp-json\/wp\/v2\/users\/2"}],"replies":[{"embeddable":true,"href":"https:\/\/www.europesays.com\/pt\/wp-json\/wp\/v2\/comments?post=475889"}],"version-history":[{"count":0,"href":"https:\/\/www.europesays.com\/pt\/wp-json\/wp\/v2\/posts\/475889\/revisions"}],"wp:featuredmedia":[{"embeddable":true,"href":"https:\/\/www.europesays.com\/pt\/wp-json\/wp\/v2\/media\/475890"}],"wp:attachment":[{"href":"https:\/\/www.europesays.com\/pt\/wp-json\/wp\/v2\/media?parent=475889"}],"wp:term":[{"taxonomy":"category","embeddable":true,"href":"https:\/\/www.europesays.com\/pt\/wp-json\/wp\/v2\/categories?post=475889"},{"taxonomy":"post_tag","embeddable":true,"href":"https:\/\/www.europesays.com\/pt\/wp-json\/wp\/v2\/tags?post=475889"}],"curies":[{"name":"wp","href":"https:\/\/api.w.org\/{rel}","templated":true}]}}