{"id":476141,"date":"2026-08-06T01:30:26","date_gmt":"2026-08-06T01:30:26","guid":{"rendered":"https:\/\/www.europesays.com\/pt\/476141\/"},"modified":"2026-08-06T01:30:26","modified_gmt":"2026-08-06T01:30:26","slug":"estreias-de-agosto-times","status":"publish","type":"post","link":"https:\/\/www.europesays.com\/pt\/476141\/","title":{"rendered":"ESTREIAS DE AGOSTO \u2014 Times"},"content":{"rendered":"<p class=\"wp-block-paragraph\">O <strong>Times Brasil | CNBC<\/strong>, maior canal de jornalismo de neg\u00f3cios do pa\u00eds, amplia sua programa\u00e7\u00e3o com a estreia de novas atra\u00e7\u00f5es: Quantum e Tech Check. Os programas ser\u00e3o as primeiras produ\u00e7\u00f5es realizadas no \u201cCNBC Est\u00fadio Lab I.A.\u201d, terceiro est\u00fadio inaugurado na \u00faltima semana, na sede da emissora em S\u00e3o Paulo, que possui tecnologia in\u00e9dita de Intelig\u00eancia Artificial Integrada.<\/p>\n<p><img fetchpriority=\"high\" decoding=\"async\" width=\"1024\" height=\"576\" src=\"https:\/\/www.europesays.com\/pt\/wp-content\/uploads\/2026\/08\/52cc4616-image-1024x576.webp\" alt=\"\" class=\"wp-image-291622\"  \/><\/p>\n<p class=\"wp-block-paragraph\">Quantum: estrat\u00e9gia e vis\u00e3o de neg\u00f3cios com Walter Longo e Vivianne Brafman<\/p>\n<p class=\"wp-block-paragraph\"><strong>Quantum<\/strong> \u00e9 um programa voltado \u00e0 estrat\u00e9gia empresarial, gest\u00e3o e desenvolvimento de neg\u00f3cios. Ser\u00e1 exibido sempre \u00e0s sextas-feiras, \u00e0s 20 horas, com estreia marcada para pr\u00f3ximo dia 14 de agosto. Em cada edi\u00e7\u00e3o, a atra\u00e7\u00e3o aborda conceitos e pr\u00e1ticas aplic\u00e1veis \u00e0 rotina de empres\u00e1rios e empreendedores, passando por temas como planejamento, execu\u00e7\u00e3o, lideran\u00e7a e crescimento sustent\u00e1vel.<\/p>\n<p class=\"wp-block-paragraph\">\u201cO programa re\u00fane o reconhecido publicit\u00e1rio Walter Longo e Vivianne Brafmann, que apresentam uma abordagem pr\u00e1tica sobre os desafios de gest\u00e3o e os movimentos que influenciam a constru\u00e7\u00e3o e a expans\u00e3o de empresas no ambiente de neg\u00f3cios\u201d, afirma Andre Ramos, vice-presidente de Conte\u00fado da emissora.<\/p>\n<p class=\"wp-block-paragraph\">Com mais de 40 anos de carreira, Walter Longo tem trajet\u00f3ria marcada pela atua\u00e7\u00e3o em inova\u00e7\u00e3o, transforma\u00e7\u00e3o digital, comunica\u00e7\u00e3o e estrat\u00e9gia empresarial. Executivo, conselheiro e palestrante, Longo \u00e9 uma das refer\u00eancias brasileiras em temas ligados \u00e0 evolu\u00e7\u00e3o dos neg\u00f3cios e ao impacto da tecnologia nas organiza\u00e7\u00f5es. Especialista em networking, lideran\u00e7a e desenvolvimento de neg\u00f3cios, Vivianne Brafmann ganhou proje\u00e7\u00e3o nacional ao vencer a primeira edi\u00e7\u00e3o do programa O Aprendiz, em 2004. Ao longo da carreira, consolidou atua\u00e7\u00e3o na conex\u00e3o entre pessoas, empresas e oportunidades estrat\u00e9gicas.<\/p>\n<p>        <img decoding=\"async\" src=\"https:\/\/www.europesays.com\/pt\/wp-content\/uploads\/2026\/08\/CNBC_EXCLUSIVE_SITE_AZUL@4x.png\" alt=\"Times Brasil - CNBC\"\/><\/p>\n<p class=\"wp-block-paragraph\">\n            Siga o <strong>Times | CNBC<\/strong> no Google e receba as principais not\u00edcias do Brasil e do Mundo.\n        <\/p>\n<p>        <a href=\"https:\/\/profile.google.com\/cp\/Cg0vZy8xMWx2YzUycGox\" target=\"_blank\" rel=\"nofollow noopener\"><\/p>\n<p>            Siga o Times | CNBC<br \/>\n        <\/a><\/p>\n<p>\u201cEsse \u00e9 um programa que fala sobre neg\u00f3cios e tecnologia de uma forma leve e profunda ao mesmo tempo. E que pretende tratar n\u00e3o do futuro, e sim do presente invis\u00edvel que j\u00e1 chegou\u201d, avalia Longo.<\/p>\n<p><strong>Tech Check: inova\u00e7\u00e3o em tecnologia<\/strong><\/p>\n<p><img loading=\"lazy\" decoding=\"async\" width=\"1024\" height=\"576\" src=\"https:\/\/www.europesays.com\/pt\/wp-content\/uploads\/2026\/08\/37fc58c1-image-1024x576.webp\" alt=\"\" class=\"wp-image-291619\"  \/><\/p>\n<p class=\"wp-block-paragraph\">Tech Check: intelig\u00eancia artificial e tecnologia aplicadas aos neg\u00f3cios, com Christiane Pelajo<\/p>\n<p class=\"wp-block-paragraph\">O Tech Check \u00e9 um programa dedicado a mostrar como a intelig\u00eancia artificial e as novas tecnologias est\u00e3o transformando o ambiente corporativo. Sob o comando da jornalista Christiane Pelajo, a atra\u00e7\u00e3o aborda os impactos da inova\u00e7\u00e3o nos neg\u00f3cios e incorpora recursos tecnol\u00f3gicos em seu pr\u00f3prio processo de produ\u00e7\u00e3o. Inspirado em uma atra\u00e7\u00e3o da CNBC dos EUA, que l\u00e1 tem o mesmo nome, o programa ser\u00e1 exibido todas as quintas-feiras, \u00e0s 20 horas, com estreia planejada para o pr\u00f3ximo dia 13 de agosto.<\/p>\n<p class=\"wp-block-paragraph\">Produzido no \u201cCNBC Est\u00fadio Lab I.A.\u201d, Tech Check utiliza ferramentas de automa\u00e7\u00e3o e intelig\u00eancia artificial em diferentes etapas da produ\u00e7\u00e3o, incluindo apoio \u00e0 organiza\u00e7\u00e3o de informa\u00e7\u00f5es, desenvolvimento de pautas e prepara\u00e7\u00e3o de roteiros. \u201cSou fascinada por tecnologia, inova\u00e7\u00e3o e, especialmente, por intelig\u00eancia artificial. H\u00e1 anos acompanho de perto essa transforma\u00e7\u00e3o nos principais eventos de tecnologia e inova\u00e7\u00e3o do Brasil e do mundo. Conheci algumas das mentes que hoje ajudam a construir o futuro\u201d, afirma Pelajo.<\/p>\n<p>         <strong style=\"font-size:18px;\">\ud83d\udccc ONDE ASSISTIR AO MAIOR CANAL DE NEG\u00d3CIOS DO MUNDO NO BRASIL:<\/strong> <\/p>\n<p>\ud83d\udd37 Canal 562 ClaroTV+ | Canal 562 Sky | Canal 592 Vivo | Canal 187 Oi | Operadoras regionais<\/p>\n<p>\ud83d\udd37 TV SINAL ABERTO: parab\u00f3licas canal 562<\/p>\n<p>\ud83d\udd37 ONLINE: www.timesbrasil.com.br | YouTube<\/p>\n<p>\ud83d\udd37 FAST Channels: Samsung TV Plus, LG Channels, TCL Channels, Pluto TV, Roku, Soul TV, Zapping | Novos Streamings<\/p>\n<p>        <img loading=\"lazy\" decoding=\"async\" alt=\"Bruno Pavan\" src=\"https:\/\/www.europesays.com\/pt\/wp-content\/uploads\/2026\/08\/e309f68880432e90c6426deb15597db88a0bd1205bf5094b5b6742a557ba150f.jpeg\"  class=\"avatar avatar-100 photo\" height=\"100\" width=\"100\" itemprop=\"image\"\/>                                <\/p>\n<p>                                    <a href=\"https:\/\/news.google.com\/publications\/CAAqBwgKMJjy2Qsw3I3xAw?ceid=BR:pt-419&amp;oc=3\" class=\"btn btn-primary\" style=\"background-color: #002454; color: #FFFFFF;\" target=\"_blank\" rel=\"noopener noreferrer nofollow\"><br \/>\n                        <img decoding=\"async\" src=\"https:\/\/timesbrasil.com.br\/wp-content\/themes\/cnbc\/resources\/img\/icons\/logo-google-news-white.svg\" alt=\"\" style=\"width: 80px; height: 16px;\"\/>                        <img decoding=\"async\" src=\"https:\/\/timesbrasil.com.br\/wp-content\/themes\/cnbc\/resources\/img\/icons\/google-news-logo.svg\" alt=\"\" style=\"width: 18px; height: 18px;\"\/><br \/>\n                                            <\/a><\/p>\n<p style=\"font-size: 16px;\">Siga o Times Brasil &#8211; Licenciado Exclusivo CNBC no<\/p>\n","protected":false},"excerpt":{"rendered":"O Times Brasil | CNBC, maior canal de jornalismo de neg\u00f3cios do pa\u00eds, amplia sua programa\u00e7\u00e3o com a&hellip;\n","protected":false},"author":2,"featured_media":476142,"comment_status":"","ping_status":"","sticky":false,"template":"","format":"standard","meta":{"footnotes":"","_share_on_mastodon":"0"},"categories":[142],"tags":[114,115,32,703,33,76191,151],"class_list":["post-476141","post","type-post","status-publish","format-standard","has-post-thumbnail","category-tv","tag-entertainment","tag-entretenimento","tag-portugal","tag-programacao","tag-pt","tag-times","tag-tv"],"share_on_mastodon":{"url":"https:\/\/pubeurope.com\/@pt\/117045981239638344","error":""},"_links":{"self":[{"href":"https:\/\/www.europesays.com\/pt\/wp-json\/wp\/v2\/posts\/476141","targetHints":{"allow":["GET"]}}],"collection":[{"href":"https:\/\/www.europesays.com\/pt\/wp-json\/wp\/v2\/posts"}],"about":[{"href":"https:\/\/www.europesays.com\/pt\/wp-json\/wp\/v2\/types\/post"}],"author":[{"embeddable":true,"href":"https:\/\/www.europesays.com\/pt\/wp-json\/wp\/v2\/users\/2"}],"replies":[{"embeddable":true,"href":"https:\/\/www.europesays.com\/pt\/wp-json\/wp\/v2\/comments?post=476141"}],"version-history":[{"count":0,"href":"https:\/\/www.europesays.com\/pt\/wp-json\/wp\/v2\/posts\/476141\/revisions"}],"wp:featuredmedia":[{"embeddable":true,"href":"https:\/\/www.europesays.com\/pt\/wp-json\/wp\/v2\/media\/476142"}],"wp:attachment":[{"href":"https:\/\/www.europesays.com\/pt\/wp-json\/wp\/v2\/media?parent=476141"}],"wp:term":[{"taxonomy":"category","embeddable":true,"href":"https:\/\/www.europesays.com\/pt\/wp-json\/wp\/v2\/categories?post=476141"},{"taxonomy":"post_tag","embeddable":true,"href":"https:\/\/www.europesays.com\/pt\/wp-json\/wp\/v2\/tags?post=476141"}],"curies":[{"name":"wp","href":"https:\/\/api.w.org\/{rel}","templated":true}]}}