{"id":476431,"date":"2026-08-06T08:57:23","date_gmt":"2026-08-06T08:57:23","guid":{"rendered":"https:\/\/www.europesays.com\/pt\/476431\/"},"modified":"2026-08-06T08:57:23","modified_gmt":"2026-08-06T08:57:23","slug":"iphone-20-podera-chegar-com-ecras-gigantes-de-64-e-7-polegadas","status":"publish","type":"post","link":"https:\/\/www.europesays.com\/pt\/476431\/","title":{"rendered":"iPhone 20 poder\u00e1 chegar com ecr\u00e3s gigantes de 6,4 e 7 polegadas"},"content":{"rendered":"<p>A Apple poder\u00e1 estar a preparar uma revolu\u00e7\u00e3o nas dimens\u00f5es dos seus futuros smartphones, com tamanhos de ecr\u00e3 enormes para a gera\u00e7\u00e3o do iPhone 20.<\/p>\n<p style=\"text-align: center;\"><a target=\"_blank\" href=\"https:\/\/pplware.sapo.pt\/wp-content\/uploads\/2026\/05\/iphone_roubado_2.jpg\" onclick=\"refreshIframe()\" class=\"foobox\" rel=\"nofollow noopener\"><img fetchpriority=\"high\" decoding=\"async\" src=\"https:\/\/www.europesays.com\/pt\/wp-content\/uploads\/2026\/08\/iphone_roubado_2-1024x576.jpg\" alt=\"\" width=\"720\" height=\"405\" class=\"alignnone size-large wp-image-1121797\"  \/><\/a><\/p>\n<p>Os novos ecr\u00e3s gigantes dos iPhones da Apple<\/p>\n<p>A linha Pro dos iPhones da Apple sempre foi o destino ideal para quem procura ecr\u00e3s de grandes dimens\u00f5es. Embora se preveja que o futuro modelo dobr\u00e1vel da marca venha a assumir o topo da tabela no que toca ao tamanho de exibi\u00e7\u00e3o, <strong>a Apple parece determinada em esticar as variantes tradicionais ao m\u00e1ximo<\/strong>.<\/p>\n<p>Segundo <a target=\"_blank\" href=\"https:\/\/www.weibo.com\/6048569942\/RbNB12djv\" rel=\"nofollow noopener\">informa\u00e7\u00f5es<\/a> recentes partilhadas na rede social Weibo pelo conhecido analista Digital Chat Station, <strong>est\u00e3o j\u00e1 a ser testados prot\u00f3tipos com novas dimens\u00f5es de ecr\u00e3<\/strong>.<\/p>\n<p>O informador detalha que uma das vers\u00f5es em desenvolvimento apresenta uma diagonal de 6,4 polegadas, destinada muito provavelmente <strong>ao modelo comemorativo iPhone 20 Pro<\/strong>.<\/p>\n<p style=\"text-align: center;\"><a target=\"_blank\" href=\"https:\/\/pplware.sapo.pt\/wp-content\/uploads\/2026\/04\/iphone_vendas_1_trim00.webp\" rel=\"nofollow noopener\"><img loading=\"lazy\" decoding=\"async\" src=\"https:\/\/www.europesays.com\/pt\/wp-content\/uploads\/2026\/08\/iphone_vendas_1_trim00-1024x576.webp\" alt=\"\" width=\"720\" height=\"405\" class=\"alignnone size-large wp-image-1113539\"  \/><\/a><\/p>\n<p>Uma vers\u00e3o Pro Max a ro\u00e7ar as 7 polegadas<\/p>\n<p>Para al\u00e9m do modelo Pro padr\u00e3o, as fugas de informa\u00e7\u00e3o apontam para um painel ainda mais surpreendente de 7 polegadas. Este componente <strong>estaria reservado para o iPhone 20 Pro Max<\/strong>.<\/p>\n<p>Para efeitos de compara\u00e7\u00e3o, o iPhone 17 Pro conta com um ecr\u00e3 de 6,3 polegadas e o Pro Max com 6,9 polegadas, o que significa que este incremento, embora pare\u00e7a subtil no papel, <strong>ser\u00e1 bastante percet\u00edvel ao segurar o equipamento<\/strong>.<\/p>\n<p>Apesar do aumento f\u00edsico da \u00e1rea de visualiza\u00e7\u00e3o, as propor\u00e7\u00f5es gerais do ecr\u00e3 dever\u00e3o ser mantidas. Isto significa que a propor\u00e7\u00e3o de aspeto n\u00e3o sofrer\u00e1 altera\u00e7\u00f5es abruptas, tratando-se apenas de uma amplia\u00e7\u00e3o proporcional da imagem <strong>e n\u00e3o de um formato mais estreito ou alongado<\/strong>.<\/p>\n<p>Adicionalmente, especula-se que a marca possa adotar uma nova estrutura de extremidades curvas nos quatro cantos, <strong>reduzindo as molduras ao m\u00ednimo absoluto<\/strong>.<\/p>\n<p>\u00a0<\/p>\n<p><strong>Leia tamb\u00e9m:<\/strong><\/p>\n","protected":false},"excerpt":{"rendered":"A Apple poder\u00e1 estar a preparar uma revolu\u00e7\u00e3o nas dimens\u00f5es dos seus futuros smartphones, com tamanhos de ecr\u00e3&hellip;\n","protected":false},"author":2,"featured_media":476432,"comment_status":"","ping_status":"","sticky":false,"template":"","format":"standard","meta":{"footnotes":"","_share_on_mastodon":"0"},"categories":[84],"tags":[247,109,107,108,65393,2853,32,33,105,103,104,106,110],"class_list":["post-476431","post","type-post","status-publish","format-standard","has-post-thumbnail","category-ciencia-e-tecnologia","tag-apple","tag-ciencia","tag-ciencia-e-tecnologia","tag-cienciaetecnologia","tag-iphone-20","tag-iphone-ipod","tag-portugal","tag-pt","tag-science","tag-science-and-technology","tag-scienceandtechnology","tag-technology","tag-tecnologia"],"share_on_mastodon":{"url":"https:\/\/pubeurope.com\/@pt\/117047738731237373","error":""},"_links":{"self":[{"href":"https:\/\/www.europesays.com\/pt\/wp-json\/wp\/v2\/posts\/476431","targetHints":{"allow":["GET"]}}],"collection":[{"href":"https:\/\/www.europesays.com\/pt\/wp-json\/wp\/v2\/posts"}],"about":[{"href":"https:\/\/www.europesays.com\/pt\/wp-json\/wp\/v2\/types\/post"}],"author":[{"embeddable":true,"href":"https:\/\/www.europesays.com\/pt\/wp-json\/wp\/v2\/users\/2"}],"replies":[{"embeddable":true,"href":"https:\/\/www.europesays.com\/pt\/wp-json\/wp\/v2\/comments?post=476431"}],"version-history":[{"count":0,"href":"https:\/\/www.europesays.com\/pt\/wp-json\/wp\/v2\/posts\/476431\/revisions"}],"wp:featuredmedia":[{"embeddable":true,"href":"https:\/\/www.europesays.com\/pt\/wp-json\/wp\/v2\/media\/476432"}],"wp:attachment":[{"href":"https:\/\/www.europesays.com\/pt\/wp-json\/wp\/v2\/media?parent=476431"}],"wp:term":[{"taxonomy":"category","embeddable":true,"href":"https:\/\/www.europesays.com\/pt\/wp-json\/wp\/v2\/categories?post=476431"},{"taxonomy":"post_tag","embeddable":true,"href":"https:\/\/www.europesays.com\/pt\/wp-json\/wp\/v2\/tags?post=476431"}],"curies":[{"name":"wp","href":"https:\/\/api.w.org\/{rel}","templated":true}]}}