{"id":476511,"date":"2026-08-06T10:36:25","date_gmt":"2026-08-06T10:36:25","guid":{"rendered":"https:\/\/www.europesays.com\/pt\/476511\/"},"modified":"2026-08-06T10:36:25","modified_gmt":"2026-08-06T10:36:25","slug":"documentario-resgata-filme-censurado-pela-ditadura","status":"publish","type":"post","link":"https:\/\/www.europesays.com\/pt\/476511\/","title":{"rendered":"Document\u00e1rio resgata filme censurado pela ditadura"},"content":{"rendered":"<p>00:00<\/p>\n<p>\t\t\t\t\t\t\t<img loading=\"lazy\" decoding=\"async\" src=\"https:\/\/revistaforum.com.br\/wp-content\/plugins\/oknaudio\/application\/assets\/img\/iconSun.svg\" alt=\"Modo claro\" width=\"24\" height=\"24\"\/><\/p>\n<p>\t\t\t\t\t\t\t<img loading=\"lazy\" decoding=\"async\" src=\"https:\/\/revistaforum.com.br\/wp-content\/plugins\/oknaudio\/application\/assets\/img\/iconMoon.svg\" alt=\"Modo escuro\" width=\"24\" height=\"24\"\/><\/p>\n<p>\n\t\t\t\t\t\t\tA+<br \/>\n\t\t\t\t\t\t\tA-\n\t\t\t\t\t\t<\/p>\n<p>\t\t\t\t\t\t\t\tLer o resumo da not\u00edcia<\/p>\n<ul>&#13;<\/p>\n<li>Document\u00e1rio \u201cOs Ruminantes\u201d estreia nos cinemas nesta quarta\u2011feira (6), retomando o projeto cinematogr\u00e1fico censurado pela Ditadura Militar.<\/li>\n<p>&#13;<\/p>\n<li>Dirigido por Tarsila Ara\u00fajo e Marcelo Mello, o filme re\u00fane entrevistas, imagens de arquivo e documentos in\u00e9ditos sobre a rela\u00e7\u00e3o entre o regime e Hollywood.<\/li>\n<p>&#13;<\/p>\n<li>A exibi\u00e7\u00e3o celebra os 90 anos de Jean\u2011Claude Bernardet, coautor do roteiro original de 1967 que inspirou o document\u00e1rio.<\/li>\n<p>&#13;<\/p>\n<li>Produzido pela Megafone Filmes em coprodu\u00e7\u00e3o com a Cinemateca Brasileira e distribu\u00eddo pela Bretz Filmes, o longa j\u00e1 circulou em festivais como o de Bras\u00edlia e a Mostra de Ouro Preto.<\/li>\n<p>&#13;\n<\/ul>\n<p data-rm-block-id=\"block-1\">Chega aos cinemas nesta quarta-feira (6) o <a href=\"https:\/\/revistaforum.com.br\/tags\/documentario\/\" rel=\"nofollow noopener\" target=\"_blank\">document\u00e1rio<\/a> <strong>\u201cOs Ruminantes\u201d<\/strong>, produ\u00e7\u00e3o que revisita um projeto cinematogr\u00e1fico <a href=\"https:\/\/revistaforum.com.br\/tags\/censura\/\" rel=\"nofollow noopener\" target=\"_blank\">interrompido<\/a> durante a <a href=\"https:\/\/revistaforum.com.br\/tags\/ditadura-militar\/\" rel=\"nofollow noopener\" target=\"_blank\">Ditadura Militar<\/a>. Al\u00e9m disso, o longa apresenta documentos in\u00e9ditos sobre a rela\u00e7\u00e3o entre o regime brasileiro e representantes da ind\u00fastria cinematogr\u00e1fica de <a href=\"https:\/\/revistaforum.com.br\/tags\/hollywood\/\" rel=\"nofollow noopener\" target=\"_blank\">Hollywood<\/a>.<\/p>\n<p data-rm-block-id=\"block-2\">O lan\u00e7amento tamb\u00e9m marca as comemora\u00e7\u00f5es pelos 90 anos de <strong>Jean-Claude Bernardet<\/strong>, um dos principais cr\u00edticos de cinema, roteiristas e cineastas do pa\u00eds. Ao lado de <strong>Luiz S\u00e9rgio Person<\/strong>, ele assina o roteiro original de <strong>\u201cA Hora dos Ruminantes\u201d<\/strong>, obra que inspirou o document\u00e1rio.<\/p>\n<p>A reconstru\u00e7\u00e3o<\/p>\n<p data-rm-block-id=\"block-4\">Dirigido por Tarsila Ara\u00fajo e Marcelo Mello, o filme parte do roteiro escrito em 1967 para reconstruir a hist\u00f3ria de um projeto que nunca chegou \u00e0s telas. A produ\u00e7\u00e3o re\u00fane entrevistas, imagens de arquivo e documentos hist\u00f3ricos at\u00e9 ent\u00e3o in\u00e9ditos para mostrar os obst\u00e1culos enfrentados pelos realizadores durante a ditadura e discutir como a censura e o contexto pol\u00edtico influenciaram o cinema brasileiro naquele per\u00edodo.<\/p>\n<p data-rm-block-id=\"block-5\">Entre os materiais apresentados est\u00e3o documentos confidenciais que, segundo os realizadores, indicam a exist\u00eancia de contatos diretos entre representantes da Ditadura Militar e integrantes da ind\u00fastria cinematogr\u00e1fica de Hollywood, tema que ganha novo interesse em meio ao debate contempor\u00e2neo sobre a influ\u00eancia estrangeira na pol\u00edtica brasileira.<\/p>\n<p><strong>Marina Person<\/strong><\/p>\n<p>Nos 80 minutos de dura\u00e7\u00e3o,\u00a0<strong>Os Ruminantes\u00a0<\/strong>(2026)\u00a0traz entrevistas e relatos que relembram os tempos sombrios da ditadura e as consequ\u00eancias para a cultura brasileira. Uma das entrevistadas do filme \u00e9 a cineasta\u00a0<strong>Marina Person<\/strong>, filha de\u00a0<strong>Luiz Sergio Person<\/strong>. O document\u00e1rio traz ainda entrevistas de \u00e9poca do pr\u00f3prio Luiz, reconhecido como realizador do cl\u00e1ssico\u00a0<strong>O Caso dos Irm\u00e3os Naves<\/strong>, uma den\u00fancia da tortura nos por\u00f5es da Ditadura militar.<\/p>\n<p data-rm-block-id=\"block-6\">Produzido pela Megafone Filmes em coprodu\u00e7\u00e3o com a Cinemateca Brasileira e distribu\u00eddo pela Bretz Filmes, <strong>\u201cOs Ruminantes\u201d<\/strong> teve sua estreia em abril de 2025 na mostra Cl\u00e1ssicos do Festival \u00c9 Tudo Verdade, realizada em S\u00e3o Paulo e no Rio de Janeiro.<\/p>\n<p data-rm-block-id=\"block-6\">\n<p><img loading=\"lazy\" decoding=\"async\" src=\"https:\/\/www.europesays.com\/pt\/wp-content\/uploads\/2026\/08\/Cartaz-Os-Ruminantes-200x300.jpeg\" alt=\"Cartaz Os Ruminantes\" width=\"309\" height=\"464\"  \/><\/p>\n<p>V\u00e1rios festivais<\/p>\n<p data-rm-block-id=\"block-7\">Desde ent\u00e3o, o document\u00e1rio passou por diversos festivais nacionais, incluindo o Festival de Bras\u00edlia, a Mostra Competitiva da CineOP (Mostra de Cinema de Ouro Preto) e o Festival Guarnic\u00ea de Cinema.<\/p>\n<p data-rm-block-id=\"block-8\">A produ\u00e7\u00e3o tamb\u00e9m acumulou pr\u00eamios ao longo do circuito, conquistando o trof\u00e9u de Melhor Document\u00e1rio no Festival de Cinema de S\u00e3o Bernardo, o pr\u00eamio de Melhor Dire\u00e7\u00e3o no Festival de Santos e o Grande Pr\u00eamio do J\u00fari no Festcine Ita\u00fana.<\/p>\n<p data-rm-block-id=\"block-9\">Com estreia nacional prevista para esta semana, o document\u00e1rio busca lan\u00e7ar um novo olhar sobre um projeto interrompido pela hist\u00f3ria e sobre os bastidores da produ\u00e7\u00e3o cinematogr\u00e1fica brasileira durante os anos da Ditadura Militar.<\/p>\n<p>Servi\u00e7o<\/p>\n<p data-rm-block-id=\"block-11\">Confira as cidades confirmadas que passar\u00e3o a exibir o filme a partir do dia 06\/08:<\/p>\n<p data-rm-block-id=\"block-12\">S\u00e3o Paulo (SP) \u2013 IMS<\/p>\n<p data-rm-block-id=\"block-13\">Bras\u00edlia (DF) \u2013 Cine Bras\u00edlia<\/p>\n<p data-rm-block-id=\"block-14\">Goi\u00e2nia (GO) \u2013 Cine Cultura<\/p>\n<p data-rm-block-id=\"block-15\">Recife (PE) \u2013 Funda\u00e7\u00e3o S\u00e3o Luiz<\/p>\n<p data-rm-block-id=\"block-16\">Ribeir\u00e3o Preto (SP) \u2013 Belas Artes<\/p>\n<p data-rm-block-id=\"block-17\">Porto Alegre (RS) \u2013 Cine Capit\u00f3lio<\/p>\n<p data-rm-block-id=\"block-18\">Caxias (RS) \u2013 Cine Geremia<\/p>\n<p data-rm-block-id=\"block-19\">Florian\u00f3polis (SC) \u2013 Cine Paradigma<\/p>\n<p data-rm-block-id=\"block-20\">Aracaju (SE) \u2013 Cine Centro<\/p>\n<p data-rm-block-id=\"block-21\">Po\u00e7os de Caldas (MG) \u2013 IMS | Instituto Moreira Salles<\/p>\n","protected":false},"excerpt":{"rendered":"00:00 A+ A- Ler o resumo da not\u00edcia &#13; Document\u00e1rio \u201cOs Ruminantes\u201d estreia nos cinemas nesta quarta\u2011feira (6),&hellip;\n","protected":false},"author":2,"featured_media":476512,"comment_status":"","ping_status":"","sticky":false,"template":"","format":"standard","meta":{"footnotes":"","_share_on_mastodon":"0"},"categories":[140],"tags":[2766,315,10630,76247,1414,114,115,147,148,2595,146,32,33],"class_list":["post-476511","post","type-post","status-publish","format-standard","has-post-thumbnail","category-filmes","tag-censura","tag-cultura","tag-ditadura","tag-ditadura-militar-no-brasil","tag-documentario","tag-entertainment","tag-entretenimento","tag-film","tag-filmes","tag-hollywood","tag-movies","tag-portugal","tag-pt"],"share_on_mastodon":{"url":"https:\/\/pubeurope.com\/@pt\/117048128268061749","error":""},"_links":{"self":[{"href":"https:\/\/www.europesays.com\/pt\/wp-json\/wp\/v2\/posts\/476511","targetHints":{"allow":["GET"]}}],"collection":[{"href":"https:\/\/www.europesays.com\/pt\/wp-json\/wp\/v2\/posts"}],"about":[{"href":"https:\/\/www.europesays.com\/pt\/wp-json\/wp\/v2\/types\/post"}],"author":[{"embeddable":true,"href":"https:\/\/www.europesays.com\/pt\/wp-json\/wp\/v2\/users\/2"}],"replies":[{"embeddable":true,"href":"https:\/\/www.europesays.com\/pt\/wp-json\/wp\/v2\/comments?post=476511"}],"version-history":[{"count":0,"href":"https:\/\/www.europesays.com\/pt\/wp-json\/wp\/v2\/posts\/476511\/revisions"}],"wp:featuredmedia":[{"embeddable":true,"href":"https:\/\/www.europesays.com\/pt\/wp-json\/wp\/v2\/media\/476512"}],"wp:attachment":[{"href":"https:\/\/www.europesays.com\/pt\/wp-json\/wp\/v2\/media?parent=476511"}],"wp:term":[{"taxonomy":"category","embeddable":true,"href":"https:\/\/www.europesays.com\/pt\/wp-json\/wp\/v2\/categories?post=476511"},{"taxonomy":"post_tag","embeddable":true,"href":"https:\/\/www.europesays.com\/pt\/wp-json\/wp\/v2\/tags?post=476511"}],"curies":[{"name":"wp","href":"https:\/\/api.w.org\/{rel}","templated":true}]}}