{"id":476737,"date":"2026-08-06T13:53:19","date_gmt":"2026-08-06T13:53:19","guid":{"rendered":"https:\/\/www.europesays.com\/pt\/476737\/"},"modified":"2026-08-06T13:53:19","modified_gmt":"2026-08-06T13:53:19","slug":"pj-detido-da-operacao-em-sines-morre-enforcado-na-prisao-observador","status":"publish","type":"post","link":"https:\/\/www.europesays.com\/pt\/476737\/","title":{"rendered":"PJ. Detido da opera\u00e7\u00e3o em Sines morre enforcado na pris\u00e3o \u2013 Observador"},"content":{"rendered":"<p>Um dos tr\u00eas cidad\u00e3os estrangeiros detidos pela Pol\u00edcia Judici\u00e1ria (PJ) no \u00e2mbito da <a href=\"https:\/\/observador.pt\/2026\/08\/05\/porta-contentores-intercetado-em-operacao-da-pj-tinha-5-toneladas-de-cocaina-operacao-resultou-em-tres-detencoes\/\" rel=\"nofollow noopener\" target=\"_blank\">Opera\u00e7\u00e3o Skydrop<\/a>, que resultou na apreens\u00e3o de cinco toneladas de coca\u00edna num navio porta-contentores em Sines, morreu enforcado no estabelecimento prisional anexo \u00e0 PJ, em Lisboa. A informa\u00e7\u00e3o foi avan\u00e7ada pelo <a href=\"https:\/\/www.cmjornal.pt\/portugal\/detalhe\/morre-enforcado-um-dos-detidos-na-operacao-da-pj-no-porto-de-sines\" rel=\"nofollow noopener\" target=\"_blank\">Correio da Manh\u00e3<\/a> e confirmada pelo Observador.<\/p>\n<p>De acordo com fonte judicial, o suspeito encontrava-se sozinho numa cela e foi encontrado na manh\u00e3 desta quarta-feira pelos guardas. Os\u00a0Servi\u00e7os Prisionais abriram um inqu\u00e9rito para apurar as circunst\u00e2ncias da morte, confirmou a Dire\u00e7\u00e3o-Geral de Reinser\u00e7\u00e3o e Servi\u00e7os Prisionais (DGRSP) \u00e0 Lusa.<\/p>\n<p>Em comunicado sobre esta opera\u00e7\u00e3o, a PJ referiu que as dilig\u00eancias que decorreram na ter\u00e7a-feira permitiram \u201cdesarticular um grupo criminoso\u201d ligado ao tr\u00e1fico e que introduzia droga na Europa \u201catrav\u00e9s do uso de um navio porta-contentores\u201d. O navio era proveniente de um pa\u00eds da Am\u00e9rica Latina, sem que tivesse sido especificada a origem.<\/p>\n<p>J\u00e1 os outros dois cidad\u00e3os estrangeiros detidos nesta investiga\u00e7\u00e3o foram levados entretanto ao Tribunal Central de Investiga\u00e7\u00e3o Criminal para primeiro interrogat\u00f3rio judicial e para conhecerem as respetivas medidas de coa\u00e7\u00e3o.<\/p>\n","protected":false},"excerpt":{"rendered":"Um dos tr\u00eas cidad\u00e3os estrangeiros detidos pela Pol\u00edcia Judici\u00e1ria (PJ) no \u00e2mbito da Opera\u00e7\u00e3o Skydrop, que resultou na&hellip;\n","protected":false},"author":2,"featured_media":476738,"comment_status":"","ping_status":"","sticky":false,"template":"","format":"standard","meta":{"footnotes":"","_share_on_mastodon":"0"},"categories":[8],"tags":[27,28,604,15,16,14,300,25,26,21,22,12,13,19,20,3918,32,23,24,33,58,17,18,6995,2303,29,30,31],"class_list":["post-476737","post","type-post","status-publish","format-standard","has-post-thumbnail","category-principais-noticias","tag-breaking-news","tag-breakingnews","tag-crime","tag-featured-news","tag-featurednews","tag-headlines","tag-justiu00e7a","tag-latest-news","tag-latestnews","tag-main-news","tag-mainnews","tag-news","tag-noticias","tag-noticias-principais","tag-noticiasprincipais","tag-polu00edcia-judiciu00e1ria","tag-portugal","tag-principais-noticias","tag-principaisnoticias","tag-pt","tag-sociedade","tag-top-stories","tag-topstories","tag-tru00e1fico-de-droga","tag-u00d3bito","tag-ultimas","tag-ultimas-noticias","tag-ultimasnoticias"],"share_on_mastodon":{"url":"https:\/\/pubeurope.com\/@pt\/117048901991134383","error":""},"_links":{"self":[{"href":"https:\/\/www.europesays.com\/pt\/wp-json\/wp\/v2\/posts\/476737","targetHints":{"allow":["GET"]}}],"collection":[{"href":"https:\/\/www.europesays.com\/pt\/wp-json\/wp\/v2\/posts"}],"about":[{"href":"https:\/\/www.europesays.com\/pt\/wp-json\/wp\/v2\/types\/post"}],"author":[{"embeddable":true,"href":"https:\/\/www.europesays.com\/pt\/wp-json\/wp\/v2\/users\/2"}],"replies":[{"embeddable":true,"href":"https:\/\/www.europesays.com\/pt\/wp-json\/wp\/v2\/comments?post=476737"}],"version-history":[{"count":0,"href":"https:\/\/www.europesays.com\/pt\/wp-json\/wp\/v2\/posts\/476737\/revisions"}],"wp:featuredmedia":[{"embeddable":true,"href":"https:\/\/www.europesays.com\/pt\/wp-json\/wp\/v2\/media\/476738"}],"wp:attachment":[{"href":"https:\/\/www.europesays.com\/pt\/wp-json\/wp\/v2\/media?parent=476737"}],"wp:term":[{"taxonomy":"category","embeddable":true,"href":"https:\/\/www.europesays.com\/pt\/wp-json\/wp\/v2\/categories?post=476737"},{"taxonomy":"post_tag","embeddable":true,"href":"https:\/\/www.europesays.com\/pt\/wp-json\/wp\/v2\/tags?post=476737"}],"curies":[{"name":"wp","href":"https:\/\/api.w.org\/{rel}","templated":true}]}}