{"id":47688,"date":"2025-08-27T18:27:08","date_gmt":"2025-08-27T18:27:08","guid":{"rendered":"https:\/\/www.europesays.com\/pt\/47688\/"},"modified":"2025-08-27T18:27:08","modified_gmt":"2025-08-27T18:27:08","slug":"barbara-elogia-cena-de-raquel-e-afonso","status":"publish","type":"post","link":"https:\/\/www.europesays.com\/pt\/47688\/","title":{"rendered":"B\u00e1rbara elogia cena de Raquel e Afonso"},"content":{"rendered":"<p class=\"bullet mt-0\" data-v-232111b4=\"\">A revela\u00e7\u00e3o dos crimes e arma\u00e7\u00f5es de Maria de F\u00e1tima feita por Raquel a Afonso foi um dos grandes destaques de &#8220;Vale Tudo&#8221; na semana, analisou B\u00e1rbara Saryne no <strong>Central Splash<\/strong>, do <strong>Canal UOL<\/strong>. O confronto exp\u00f4s segredos guardados, causou forte impacto emocional e evidenciou o talento dos int\u00e9rpretes.<\/p>\n<p class=\"bullet\" data-v-232111b4=\"\">O momento reposicionou Afonso na trama e aprofundou o conflito entre os personagens centrais.<\/p>\n<p class=\"bullet\" data-v-232111b4=\"\"><strong>B\u00e1rbara avaliou que a revela\u00e7\u00e3o era aguardada pelos f\u00e3s da novela e destacou a atua\u00e7\u00e3o dos atores envolvidos.<\/strong> &#8220;Eu adorei a cena, eu queria muito esse momento do Afonso descobrindo tudo, algu\u00e9m falando finalmente tudo que a Maria de F\u00e1tima fez e s\u00f3 a Raquel poderia contar essa hist\u00f3ria completa. As interpreta\u00e7\u00f5es foram muito boas, tanto da Ta\u00eds Ara\u00fajo quanto do Humberto Carr\u00e3o. Ela contando ali numa mistura de vergonha e tristeza. E ele reagindo tamb\u00e9m, muito chocado, ao mesmo tempo muito envergonhado pelo que a fam\u00edlia fez e por ter ca\u00eddo no conto da F\u00e1tima. Ent\u00e3o, eu achei uma cena incr\u00edvel.&#8221;<\/p>\n","protected":false},"excerpt":{"rendered":"A revela\u00e7\u00e3o dos crimes e arma\u00e7\u00f5es de Maria de F\u00e1tima feita por Raquel a Afonso foi um dos&hellip;\n","protected":false},"author":2,"featured_media":19522,"comment_status":"","ping_status":"","sticky":false,"template":"","format":"standard","meta":{"footnotes":""},"categories":[142],"tags":[114,115,32,33,151],"class_list":{"0":"post-47688","1":"post","2":"type-post","3":"status-publish","4":"format-standard","5":"has-post-thumbnail","7":"category-tv","8":"tag-entertainment","9":"tag-entretenimento","10":"tag-portugal","11":"tag-pt","12":"tag-tv"},"share_on_mastodon":{"url":"","error":""},"_links":{"self":[{"href":"https:\/\/www.europesays.com\/pt\/wp-json\/wp\/v2\/posts\/47688","targetHints":{"allow":["GET"]}}],"collection":[{"href":"https:\/\/www.europesays.com\/pt\/wp-json\/wp\/v2\/posts"}],"about":[{"href":"https:\/\/www.europesays.com\/pt\/wp-json\/wp\/v2\/types\/post"}],"author":[{"embeddable":true,"href":"https:\/\/www.europesays.com\/pt\/wp-json\/wp\/v2\/users\/2"}],"replies":[{"embeddable":true,"href":"https:\/\/www.europesays.com\/pt\/wp-json\/wp\/v2\/comments?post=47688"}],"version-history":[{"count":0,"href":"https:\/\/www.europesays.com\/pt\/wp-json\/wp\/v2\/posts\/47688\/revisions"}],"wp:featuredmedia":[{"embeddable":true,"href":"https:\/\/www.europesays.com\/pt\/wp-json\/wp\/v2\/media\/19522"}],"wp:attachment":[{"href":"https:\/\/www.europesays.com\/pt\/wp-json\/wp\/v2\/media?parent=47688"}],"wp:term":[{"taxonomy":"category","embeddable":true,"href":"https:\/\/www.europesays.com\/pt\/wp-json\/wp\/v2\/categories?post=47688"},{"taxonomy":"post_tag","embeddable":true,"href":"https:\/\/www.europesays.com\/pt\/wp-json\/wp\/v2\/tags?post=47688"}],"curies":[{"name":"wp","href":"https:\/\/api.w.org\/{rel}","templated":true}]}}