{"id":47691,"date":"2025-08-27T18:29:11","date_gmt":"2025-08-27T18:29:11","guid":{"rendered":"https:\/\/www.europesays.com\/pt\/47691\/"},"modified":"2025-08-27T18:29:11","modified_gmt":"2025-08-27T18:29:11","slug":"relancamento-da-saga-ganha-poster-com-arte-inedita","status":"publish","type":"post","link":"https:\/\/www.europesays.com\/pt\/47691\/","title":{"rendered":"Relan\u00e7amento da saga ganha p\u00f4ster com arte in\u00e9dita"},"content":{"rendered":"<p>O relan\u00e7amento da\u00a0saga\u00a0<strong>Crep\u00fasculo<\/strong> nos cinemas dos Estados Unidos acaba de ganhar seu primeiro p\u00f4ster de divulga\u00e7\u00e3o.<\/p>\n<p>A pe\u00e7a, estampada pelos protagonistas\u00a0<strong>Kristen Stewart<\/strong>,\u00a0<strong>Robert Pattinson<\/strong> e\u00a0<strong>Taylor Lautner<\/strong>, promete para o m\u00eas de outubro o in\u00edcio da reexibi\u00e7\u00e3o dos longas nas telonas.\u00a0&#8220;O para sempre come\u00e7a outra vez&#8221;, anuncia o texto do p\u00f4ster.<\/p>\n<p>A volta de\u00a0Crep\u00fasculo\u00a0aos cinemas \u00e9 uma homenagem aos 20 anos da publica\u00e7\u00e3o do primeiro livro da s\u00e9rie liter\u00e1ria de\u00a0<strong>Stephenie Meyer<\/strong>, que inspirou as adapta\u00e7\u00f5es hollywoodianas.<\/p>\n<p>      <strong>Tudo sobre os filmes\u00a0Crep\u00fasculo<\/strong><\/p>\n<p>A saga\u00a0Crep\u00fasculo\u00a0arrecadou US$ 3,36 bilh\u00f5es mundialmente. O primeiro filme, que inaugurou a franquia, chegou aos cinemas em 2008. O \u00faltimo,\u00a0Amanhecer: Parte 2\u00a0estreou em 2012.<\/p>\n<p>A s\u00e9rie acompanha o romance entre Isabella Swan e Edward Cullen. Bella \u00e9 uma jovem da cidade grande que se muda para a cidade de Forks, em Washington. L\u00e1, se v\u00ea no meio de um conflito milenar entre vampiros e lobos, que dividem o territ\u00f3rio e possuem uma antiga richa. Bella logo se v\u00ea tamb\u00e9m no centro de um triangulo amoroso, composto pelo vampiro Edward e o lobo Jacob.<\/p>\n<p>Al\u00e9m do sucesso comercial, a franquia tamb\u00e9m eleveu seus tr\u00eas protagonistas,\u00a0Robert Pattinson,\u00a0Kristen Stewart\u00a0e\u00a0Taylor Lautner\u00a0ao posto de tr\u00eas grandes estrelas de Hollywood, permitindo que o trio protagonizasse diversas grandes produ\u00e7\u00f5es na sequ\u00eancia. Pattinson, por exemplo, estrela a nova franquia do\u00a0Batman,\u00a0comandada por\u00a0Matt Reeves.<\/p>\n<p>Os filmes s\u00e3o dirigidos por\u00a0Catherine Hardwicke,\u00a0Chris Weitz,\u00a0David Slade\u00a0e\u00a0Bill Condon.\u00a0O elenco da saga ainda conta com nomes como\u00a0Ashley Greene,\u00a0Jackson Rathbone,\u00a0Billy Burke,\u00a0Peter Facinelli,\u00a0Dakota Fanning,\u00a0Michael Sheen,\u00a0Bryce Dallas\u00a0Howard,\u00a0Elizabeth Reaser\u00a0e\u00a0Ashley Greene.<\/p>\n<p data-gtm-vis-first-on-screen67967661_30=\"40080\" data-gtm-vis-has-fired67967661_30=\"1\" data-gtm-vis-recent-on-screen67967661_30=\"40080\" data-gtm-vis-total-visible-time67967661_30=\"100\">A saga completa est\u00e1 dispon\u00edvel nos cat\u00e1logos de Netflix, Mercado Play, Telecine e Prime Video.<\/p>\n","protected":false},"excerpt":{"rendered":"O relan\u00e7amento da\u00a0saga\u00a0Crep\u00fasculo nos cinemas dos Estados Unidos acaba de ganhar seu primeiro p\u00f4ster de divulga\u00e7\u00e3o. A pe\u00e7a,&hellip;\n","protected":false},"author":2,"featured_media":47692,"comment_status":"","ping_status":"","sticky":false,"template":"","format":"standard","meta":{"footnotes":""},"categories":[140],"tags":[114,115,147,148,146,32,33],"class_list":{"0":"post-47691","1":"post","2":"type-post","3":"status-publish","4":"format-standard","5":"has-post-thumbnail","7":"category-filmes","8":"tag-entertainment","9":"tag-entretenimento","10":"tag-film","11":"tag-filmes","12":"tag-movies","13":"tag-portugal","14":"tag-pt"},"share_on_mastodon":{"url":"","error":""},"_links":{"self":[{"href":"https:\/\/www.europesays.com\/pt\/wp-json\/wp\/v2\/posts\/47691","targetHints":{"allow":["GET"]}}],"collection":[{"href":"https:\/\/www.europesays.com\/pt\/wp-json\/wp\/v2\/posts"}],"about":[{"href":"https:\/\/www.europesays.com\/pt\/wp-json\/wp\/v2\/types\/post"}],"author":[{"embeddable":true,"href":"https:\/\/www.europesays.com\/pt\/wp-json\/wp\/v2\/users\/2"}],"replies":[{"embeddable":true,"href":"https:\/\/www.europesays.com\/pt\/wp-json\/wp\/v2\/comments?post=47691"}],"version-history":[{"count":0,"href":"https:\/\/www.europesays.com\/pt\/wp-json\/wp\/v2\/posts\/47691\/revisions"}],"wp:featuredmedia":[{"embeddable":true,"href":"https:\/\/www.europesays.com\/pt\/wp-json\/wp\/v2\/media\/47692"}],"wp:attachment":[{"href":"https:\/\/www.europesays.com\/pt\/wp-json\/wp\/v2\/media?parent=47691"}],"wp:term":[{"taxonomy":"category","embeddable":true,"href":"https:\/\/www.europesays.com\/pt\/wp-json\/wp\/v2\/categories?post=47691"},{"taxonomy":"post_tag","embeddable":true,"href":"https:\/\/www.europesays.com\/pt\/wp-json\/wp\/v2\/tags?post=47691"}],"curies":[{"name":"wp","href":"https:\/\/api.w.org\/{rel}","templated":true}]}}