{"id":477025,"date":"2026-08-06T17:51:24","date_gmt":"2026-08-06T17:51:24","guid":{"rendered":"https:\/\/www.europesays.com\/pt\/477025\/"},"modified":"2026-08-06T17:51:24","modified_gmt":"2026-08-06T17:51:24","slug":"netflix-mulheres-sao-espinha-dorsal-de-cem-anos-de-solidao-06-08-2026-ilustrada","status":"publish","type":"post","link":"https:\/\/www.europesays.com\/pt\/477025\/","title":{"rendered":"Netflix mulheres s\u00e3o espinha dorsal de Cem Anos de Solid\u00e3o &#8211; 06\/08\/2026 &#8211; Ilustrada"},"content":{"rendered":"<p>Quando o coronel Aureliano Buend\u00eda parte para mais uma guerra, <a href=\"https:\/\/www1.folha.uol.com.br\/ilustrada\/2024\/08\/livro-destrincha-como-gabriel-garcia-marquez-inventou-a-sua-macondo.shtml\" rel=\"nofollow noopener\" target=\"_blank\">Macondo<\/a> continua existindo. Quando Jos\u00e9 Arcadio Buend\u00eda mergulha em suas experi\u00eancias alqu\u00edmicas, algu\u00e9m segue alimentando a fam\u00edlia. Quando os homens desaparecem entre batalhas, paix\u00f5es e obsess\u00f5es em &#8220;<a href=\"https:\/\/www1.folha.uol.com.br\/ilustrada\/2024\/12\/serie-de-cem-anos-de-solidao-tem-inicio-mais-sombrio-que-livro-de-garcia-marquez.shtml\" rel=\"nofollow noopener\" target=\"_blank\">Cem Anos de Solid\u00e3o<\/a>&#8220;, a casa permanece de p\u00e9 gra\u00e7as \u00e0s mulheres.<\/p>\n<p>Publicado em 1967, o cl\u00e1ssico do colombiano <a href=\"https:\/\/www1.folha.uol.com.br\/ilustrissima\/2025\/03\/reportagem-sobre-naufragio-ha-70-anos-mudou-vida-e-obra-de-garcia-marquez.shtml\" rel=\"nofollow noopener\" target=\"_blank\">Gabriel Garc\u00eda M\u00e1rquez<\/a> retornou \u00e0 <a href=\"https:\/\/www1.folha.uol.com.br\/folha-topicos\/netflix\/\" rel=\"nofollow noopener\" target=\"_blank\">Netflix <\/a>nesta semana, numa segunda leva de epis\u00f3dios, que v\u00e3o finalizar a adapta\u00e7\u00e3o para as telas. A obra conta a hist\u00f3ria dos Buend\u00eda, fam\u00edlia condenada por uma for\u00e7a inexplic\u00e1vel a atravessar um s\u00e9culo de solid\u00e3o, com sete gera\u00e7\u00f5es de uma mesma fam\u00edlia marcada por trag\u00e9dias e desilus\u00f5es.<\/p>\n<p>Embora a obra seja frequentemente lembrada pelos feitos extraordin\u00e1rios dos homens do cl\u00e3 Buend\u00eda, cr\u00edticas e pesquisadoras de <a href=\"https:\/\/www1.folha.uol.com.br\/folha-topicos\/literatura\/\" rel=\"nofollow noopener\" target=\"_blank\">literatura<\/a> latino-americana apontam que a espinha dorsal do romance est\u00e1 nas personagens femininas.<\/p>\n<p>Entre elas est\u00e3o \u00darsula, Amaranta, Pilar e Fernanda, respons\u00e1veis por preservar a mem\u00f3ria, administrar o cotidiano da cidade e impedir que a fam\u00edlia desapare\u00e7a antes do desfecho da hist\u00f3ria.<\/p>\n<p>Fundadora de Macondo, a matriarca \u00darsula Iguar\u00e1n d\u00e1 origem \u00e0 linhagem Buend\u00eda e passa a sustentar a fam\u00edlia. Ela <a href=\"https:\/\/www1.folha.uol.com.br\/mercado\/2021\/12\/mulheres-administram-cada-real-com-sobe-e-desce-nos-valores-de-beneficios-sociais.shtml\" rel=\"nofollow noopener\" target=\"\">administra o dinheiro<\/a>, amplia a casa, educa quatro gera\u00e7\u00f5es e mant\u00e9m o cl\u00e3 unido, enquanto o marido entra em estado de loucura e o filho parte para uma guerra.<\/p>\n<p>&#8220;Podemos pensar no trabalho dela como o de uma l\u00edder&#8221;, afirma Carolina Guimar\u00e3es, pesquisadora em literatura, mem\u00f3ria e identidade na Universidade Federal de Catal\u00e3o, em Goi\u00e1s, que estudou a trajet\u00f3ria da personagem na obra em sua disserta\u00e7\u00e3o de <a href=\"https:\/\/www.google.com\/url?q=https:\/\/files.cercomp.ufg.br\/weby\/up\/570\/o\/Disserta%25C3%25A7%25C3%25A3o_Carolina_R._Guimar%25C3%25A3es_-_dep%25C3%25B3sito_final_%25281%2529.pdf&amp;sa=D&amp;source=docs&amp;ust=1785878909746782&amp;usg=AOvVaw0HvISiyqPWqnDES2bhQY-z\" rel=\"nofollow noopener\" target=\"_blank\">mestrado<\/a>.<\/p>\n<p>&#8220;Esse n\u00e3o foi um lugar que \u00darsula escolheu ocupar, mas sim que lhe foi imposto. Isso porque, enquanto seu parceiro, Jos\u00e9 Arcadio, vivia cada vez mais submerso no seu mundo de alquimia, ela precisou articular a continuidade da fam\u00edlia&#8221;, diz.<\/p>\n<p>&#8220;Do momento em que ela cria seu pr\u00f3prio neg\u00f3cio de pirulitos, que se torna a fonte de renda da fam\u00edlia, at\u00e9 a apresenta\u00e7\u00e3o das filhas para a sociedade, o que ela faz \u00e9 um trabalho duplo&#8221;, afirma Fabianna Bellizzi, pesquisadora de literatura fant\u00e1stica e professora de letras na mesma universidade.<\/p>\n<p>Para al\u00e9m dos afazeres dom\u00e9sticos, a pesquisadora em literatura Marlucia Dantas, que tamb\u00e9m estudou a constru\u00e7\u00e3o da personagem em seu <a href=\"https:\/\/tede.ufam.edu.br\/bitstream\/tede\/10167\/2\/DISS_MarluciaDantas_PPGL.pdf\" rel=\"nofollow noopener\" target=\"_blank\">mestrado <\/a>na Universidade Federal do Amazonas, destaca o papel de \u00darsula como a voz da lucidez em &#8220;Cem Anos de Solid\u00e3o&#8221;.<\/p>\n<p>&#8220;Ela \u00e9 p\u00e9 no ch\u00e3o e quem sempre puxa o marido de volta \u00e0 realidade. Quando ele se tranca no laborat\u00f3rio, \u00e9 ela quem insiste para que Jos\u00e9 ensine os filhos a ler. Mais tarde, quando Apolinar Moscote, representante do Partido Conservador, chega a Macondo e se apresenta como governador, \u00darsula exige que o marido v\u00e1 conversar com ele&#8221;, afirma.<\/p>\n<p>Assim, a matriarca assume a figura de autoridade em Macondo em diferentes momentos, como quando impede um fuzilamento ou quando enterra uma personagem que cometeu suic\u00eddio contra a vontade dos representantes da Igreja Cat\u00f3lica.<\/p>\n<p>&#8220;Gabriel Garc\u00eda M\u00e1rquez n\u00e3o isenta suas personagens do <a href=\"https:\/\/www1.folha.uol.com.br\/folha-topicos\/machismo\/\" rel=\"nofollow noopener\" target=\"_blank\">machismo<\/a> e at\u00e9 mesmo de atos violentos, mas o que ele faz \u00e9 dar espa\u00e7o para as mulheres, retratando-as tal qual a realidade as talhou&#8221;, afirma Joana Rodrigues, professora de literatura hispano-americana da Unifesp, a Universidade Federal de S\u00e3o Paulo. &#8220;Nesse sentido, o autor promove o protagonismo de \u00darsula a ponto de ela n\u00e3o s\u00f3 completar mais de um s\u00e9culo de exist\u00eancia, como tamb\u00e9m deter o controle de tudo e de todos do cl\u00e3.&#8221;<\/p>\n<p>J\u00e1 a ca\u00e7ula de \u00darsula, Amaranta Buend\u00eda, assume seu poder feminino ao decidir n\u00e3o se casar, numa \u00e9poca em que o matrim\u00f4nio era uma regra social. &#8220;Ela hoje seria uma personagem <a href=\"https:\/\/www1.folha.uol.com.br\/folha-topicos\/feminismo\/\" rel=\"nofollow noopener\" target=\"\">feminista<\/a>&#8220;, afirma Bellizzi. &#8220;Ainda assim, ela permanece em casa ajudando sua m\u00e3e e maternando filhos que n\u00e3o s\u00e3o dela, uma escolha inteiramente dela&#8221;, complementa Guimar\u00e3es.<\/p>\n<p>Mesmo Pilar Ternera, associada \u00e0 imoralidade sexual e marginalizada, representa mem\u00f3ria e intui\u00e7\u00e3o. &#8220;Ela tem o poder de conhecer os desejos dos personagens ao ler o futuro com as cartas e perceber, inclusive, como os Buend\u00eda vivem numa engrenagem de repeti\u00e7\u00e3o&#8221;, afirma Bellizzi.<\/p>\n<p>    Tudo a Ler<\/p>\n<p class=\"c-newsletter__subtitle\">Receba no seu email uma sele\u00e7\u00e3o com lan\u00e7amentos, cl\u00e1ssicos e curiosidades liter\u00e1rias<\/p>\n<p>Tamb\u00e9m visto como um espa\u00e7o feminino dentro da trama de &#8220;Cem Anos de Solid\u00e3o&#8221;, o casar\u00e3o dos Buend\u00eda assume import\u00e2ncia central, quase como um personagem em si. Segundo a pesquisadora, a tradi\u00e7\u00e3o de transformar um im\u00f3vel em personagem \u00e9 antiga, mas, no caso de Garc\u00eda M\u00e1rquez, esse recurso dialoga diretamente com as quest\u00f5es psicoemocionais e sociais das mulheres da obra.<\/p>\n<p>E, se entre os personagens masculinos a repeti\u00e7\u00e3o de nomes chama a aten\u00e7\u00e3o, ajudando a diferenciar, inclusive, diferentes arqu\u00e9tipos presentes na hist\u00f3ria \u2014os Aurelianos s\u00e3o retra\u00eddos e mais l\u00facidos, enquanto os Jos\u00e9s Arcadios s\u00e3o impulsivos e sonhadores\u2014, as mulheres s\u00e3o apresentadas pelo autor colombiano de maneira mais pessoal.<\/p>\n<p>H\u00e1 17 Aurelianos em &#8220;Cem Anos de Solid\u00e3o&#8221;, mas apenas quatro personagens femininas recebem nomes iguais. Do lado delas, os tra\u00e7os que se repetem est\u00e3o associados ao cuidado, \u00e0 maternidade e ao esp\u00edrito de sobreviv\u00eancia.<\/p>\n<p>&#8220;As personagens desempenham pap\u00e9is multifacetados e significativos que refletem a complexidade da sociedade latino-americana da \u00e9poca e as din\u00e2micas familiares&#8221;, diz Joana Rodrigues.<\/p>\n","protected":false},"excerpt":{"rendered":"Quando o coronel Aureliano Buend\u00eda parte para mais uma guerra, Macondo continua existindo. Quando Jos\u00e9 Arcadio Buend\u00eda mergulha&hellip;\n","protected":false},"author":2,"featured_media":477026,"comment_status":"","ping_status":"","sticky":false,"template":"","format":"standard","meta":{"footnotes":"","_share_on_mastodon":"0"},"categories":[142],"tags":[76313,1126,1028,3835,207,36120,3837,8292,21547,60456,3838,114,115,874,1907,3834,3836,236,76312,864,237,170,3839,716,32,33,941,940,151,600],"class_list":["post-477025","post","type-post","status-publish","format-standard","has-post-thumbnail","category-tv","tag-alquimia","tag-america-do-sul","tag-america-latina","tag-antifeminismo","tag-arte","tag-bogota","tag-coletivo-feminista","tag-colombia","tag-conservadorismo","tag-edgar-allan-poe","tag-empoderamento-feminino","tag-entertainment","tag-entretenimento","tag-escritor","tag-escritores","tag-feminismo","tag-feminista","tag-folha","tag-gabriel-garcia-marquez","tag-literatura","tag-livro","tag-livros","tag-machismo","tag-netflix","tag-portugal","tag-pt","tag-series","tag-streaming","tag-tv","tag-veja-video"],"share_on_mastodon":{"url":"https:\/\/pubeurope.com\/@pt\/117049837892249325","error":""},"_links":{"self":[{"href":"https:\/\/www.europesays.com\/pt\/wp-json\/wp\/v2\/posts\/477025","targetHints":{"allow":["GET"]}}],"collection":[{"href":"https:\/\/www.europesays.com\/pt\/wp-json\/wp\/v2\/posts"}],"about":[{"href":"https:\/\/www.europesays.com\/pt\/wp-json\/wp\/v2\/types\/post"}],"author":[{"embeddable":true,"href":"https:\/\/www.europesays.com\/pt\/wp-json\/wp\/v2\/users\/2"}],"replies":[{"embeddable":true,"href":"https:\/\/www.europesays.com\/pt\/wp-json\/wp\/v2\/comments?post=477025"}],"version-history":[{"count":0,"href":"https:\/\/www.europesays.com\/pt\/wp-json\/wp\/v2\/posts\/477025\/revisions"}],"wp:featuredmedia":[{"embeddable":true,"href":"https:\/\/www.europesays.com\/pt\/wp-json\/wp\/v2\/media\/477026"}],"wp:attachment":[{"href":"https:\/\/www.europesays.com\/pt\/wp-json\/wp\/v2\/media?parent=477025"}],"wp:term":[{"taxonomy":"category","embeddable":true,"href":"https:\/\/www.europesays.com\/pt\/wp-json\/wp\/v2\/categories?post=477025"},{"taxonomy":"post_tag","embeddable":true,"href":"https:\/\/www.europesays.com\/pt\/wp-json\/wp\/v2\/tags?post=477025"}],"curies":[{"name":"wp","href":"https:\/\/api.w.org\/{rel}","templated":true}]}}