{"id":477515,"date":"2026-08-07T02:02:18","date_gmt":"2026-08-07T02:02:18","guid":{"rendered":"https:\/\/www.europesays.com\/pt\/477515\/"},"modified":"2026-08-07T02:02:18","modified_gmt":"2026-08-07T02:02:18","slug":"casa-branca-associa-homem-aranha-ao-ice-e-recebe-criticas-06-08-2026-mundo","status":"publish","type":"post","link":"https:\/\/www.europesays.com\/pt\/477515\/","title":{"rendered":"Casa Branca associa Homem-Aranha ao ICE e recebe cr\u00edticas &#8211; 06\/08\/2026 &#8211; Mundo"},"content":{"rendered":"<p>Aproveitando a repercuss\u00e3o do novo filme do <a href=\"https:\/\/www1.folha.uol.com.br\/folha-topicos\/homem-aranha\/\" rel=\"nofollow noopener\" target=\"_blank\">Homem-Aranha<\/a>, que assume a lideran\u00e7a mundial de bilheteria, a Casa Branca publicou uma imagem que associa o her\u00f3i aos agentes do <a href=\"https:\/\/www1.folha.uol.com.br\/folha-topicos\/ice\/\" rel=\"nofollow noopener\" target=\"_blank\">ICE<\/a> (Servi\u00e7o de <a href=\"https:\/\/www1.folha.uol.com.br\/folha-topicos\/imigracao\/\" rel=\"nofollow noopener\" target=\"_blank\">Imigra\u00e7\u00e3o<\/a> e Alf\u00e2ndega dos <a href=\"https:\/\/www1.folha.uol.com.br\/folha-topicos\/estados-unidos\/\" rel=\"nofollow noopener\" target=\"_blank\">Estados Unidos<\/a>).<\/p>\n<p>A postagem, feita nesta quinta-feira (5) na conta oficial do governo no Instagram, ocorre em meio ao aumento recorde de deten\u00e7\u00f5es de <a href=\"https:\/\/www1.folha.uol.com.br\/folha-topicos\/imigrantes\/\" rel=\"nofollow noopener\" target=\"_blank\">imigrantes<\/a> no pa\u00eds.<\/p>\n<p>Na imagem, uma fila de homens aparece envolta por teias de aranha, com as m\u00e3os para tr\u00e1s, diante de um agente do ICE.<\/p>\n<p>No topo, o texto diz que &#8220;Estrangeiros ilegais criminosos ser\u00e3o capturados e deportados&#8221; (&#8220;Criminal illegal aliens will be caught and deported&#8221;, na vers\u00e3o original em ingl\u00eas). A palavra &#8220;aliens&#8221; \u00e9 o termo jur\u00eddico usado nos EUA para imigrantes indocumentados, mas tamb\u00e9m significa alien\u00edgenas.<\/p>\n<p>A legenda refor\u00e7a a refer\u00eancia ao personagem da <a href=\"https:\/\/www1.folha.uol.com.br\/folha-topicos\/marvel\/\" rel=\"nofollow noopener\" target=\"_blank\">Marvel<\/a>. &#8220;Os amig\u00e1veis agentes do ICE da sua vizinhan\u00e7a&#8221;, diz o texto, em alus\u00e3o ao slogan cl\u00e1ssico do her\u00f3i, conhecido como &#8220;o amig\u00e3o da vizinhan\u00e7a&#8221;.<\/p>\n<p>Uma semana ap\u00f3s chegar aos cinemas, o filme <a href=\"https:\/\/www1.folha.uol.com.br\/ilustrada\/2026\/08\/homem-aranha-um-novo-dia-lidera-ranking-mundial-de-bilheteria-de-2026.shtml\" rel=\"nofollow noopener\" target=\"\">&#8220;Homem-Aranha: Um Novo Dia&#8221; ultrapassou &#8220;Toy Story 5&#8221;<\/a>, que liderava o ranking mundial de bilheterias desde junho. O longa estrelado por <a href=\"https:\/\/www1.folha.uol.com.br\/folha-topicos\/tom-holland\/\" rel=\"nofollow noopener\" target=\"_blank\">Tom Holland<\/a> e <a href=\"https:\/\/www1.folha.uol.com.br\/folha-topicos\/zendaya\/\" rel=\"nofollow noopener\" target=\"_blank\">Zendaya<\/a> bateu recordes hist\u00f3ricos de arrecada\u00e7\u00e3o em dias \u00fateis nos EUA.<\/p>\n<p>Tr\u00eas horas ap\u00f3s a publica\u00e7\u00e3o, o post j\u00e1 somava mais de 128 mil curtidas, 9.000 coment\u00e1rios e 4.000 compartilhamentos. Em meio a coment\u00e1rios que apoiam o governo Trump, grande parte das rea\u00e7\u00f5es critica o uso do personagem, com usu\u00e1rios repetindo frases como &#8220;n\u00e3o envolva o Homem-Aranha nisso&#8221; e afirmando ter certeza de que o her\u00f3i seria contr\u00e1rio \u00e0 pol\u00edtica do governo.<\/p>\n<p>V\u00e1rios internautas marcaram a Marvel e a Sony Pictures, detentoras dos direitos dos quadrinhos e da franquia de filmes, questionando se as empresas autorizaram o uso da imagem. Outros lembraram que j\u00e1 existe uma hist\u00f3ria em quadrinhos, &#8220;Spectacular Spider-Man&#8221; n\u00ba 137, na qual o her\u00f3i protege um imigrante indocumentado.<\/p>\n<p>Tamb\u00e9m circulou nos coment\u00e1rios uma observa\u00e7\u00e3o sobre o ator Tom Holland, que interpreta o Homem-Aranha nos cinemas atuais e \u00e9 brit\u00e2nico, portanto, tamb\u00e9m um estrangeiro nos EUA.<\/p>\n<p>N\u00e3o \u00e9 a primeira vez que o governo Trump associa s\u00edmbolos da cultura pop \u00e0 pol\u00edtica de deporta\u00e7\u00f5es. Em julho, a<a href=\"https:\/\/www1.folha.uol.com.br\/ilustrada\/2026\/07\/governo-trump-usa-musica-de-bad-bunny-em-video-sobre-deportacao.shtml\" rel=\"nofollow noopener\" target=\"\"> Casa Branca usou a m\u00fasica &#8220;La Mudanza&#8221;, do porto-riquenho Bad Bunny, como trilha de um v\u00eddeo oficial que exibia agentes do ICE fazendo pris\u00f5es<\/a>. O cantor \u00e9 um dos cr\u00edticos mais conhecidos das pol\u00edticas migrat\u00f3rias do republicano e j\u00e1 pediu, em discurso no Grammy, o fim da atua\u00e7\u00e3o da ag\u00eancia.<\/p>\n<p>A postagem da Casa Branca acontece no momento em que o governo de <a href=\"https:\/\/www1.folha.uol.com.br\/folha-topicos\/donald-trump\/\" rel=\"nofollow noopener\" target=\"_blank\">Donald Trump<\/a> <a href=\"https:\/\/www1.folha.uol.com.br\/mundo\/2026\/07\/ice-passa-a-prender-qualquer-pessoa-com-visto-vencido-mesmo-com-processo-em-andamento.shtml\" rel=\"nofollow noopener\" target=\"\">intensifica a fiscaliza\u00e7\u00e3o de imigrantes, inclusive em aeroportos do pa\u00eds<\/a>. Em junho, foram mais de 46 mil deten\u00e7\u00f5es em cust\u00f3dia do ICE, uma m\u00e9dia de 1.500 pris\u00f5es por dia, segundo a rede CBS.<\/p>\n<p>No final de julho, o<a href=\"https:\/\/www1.folha.uol.com.br\/mundo\/2026\/08\/professor-brasileiro-de-jiu-jitsu-e-preso-nos-eua-pelo-ice-e-alunos-fazem-campanha-por-soltura.shtml\" rel=\"nofollow noopener\" target=\"\"> brasileiro Thiago Brito, professor de jiu-j\u00edtsu, foi preso pela ag\u00eancia<\/a> no aeroporto da Filad\u00e9lfia, e gerou uma mobiliza\u00e7\u00e3o de alunos pela sua soltura.<\/p>\n<p>No \u00faltimo s\u00e1bado (1\u00ba), o <a href=\"https:\/\/www1.folha.uol.com.br\/mundo\/2026\/08\/imigrante-de-el-salvador-morre-sob-custodia-do-ice-casos-vao-a-56-sob-trump.shtml\" rel=\"nofollow noopener\" target=\"\">salvadorenho Edwin Jovanny Lopez Cornejo morreu sob cust\u00f3dia do ICE<\/a> em Nova Jersey, o que aumentou para 56 o n\u00famero de mortes de imigrantes detidos desde o in\u00edcio do atual governo Trump.<\/p>\n","protected":false},"excerpt":{"rendered":"Aproveitando a repercuss\u00e3o do novo filme do Homem-Aranha, que assume a lideran\u00e7a mundial de bilheteria, a Casa Branca&hellip;\n","protected":false},"author":2,"featured_media":477516,"comment_status":"","ping_status":"","sticky":false,"template":"","format":"standard","meta":{"footnotes":"","_share_on_mastodon":"0"},"categories":[140],"tags":[5914,470,92,114,115,235,147,148,236,7844,5814,17541,1481,1865,792,146,32,33,12897,6705,14105],"class_list":["post-477515","post","type-post","status-publish","format-standard","has-post-thumbnail","category-filmes","tag-casa-branca","tag-cinema","tag-donald-trump","tag-entertainment","tag-entretenimento","tag-estados-unidos","tag-film","tag-filmes","tag-folha","tag-governo-trump","tag-homem-aranha","tag-ice","tag-imigracao","tag-imigrantes","tag-marvel","tag-movies","tag-portugal","tag-pt","tag-sony-pictures","tag-tom-holland","tag-zendaya"],"share_on_mastodon":{"url":"https:\/\/pubeurope.com\/@pt\/117051768845559292","error":""},"_links":{"self":[{"href":"https:\/\/www.europesays.com\/pt\/wp-json\/wp\/v2\/posts\/477515","targetHints":{"allow":["GET"]}}],"collection":[{"href":"https:\/\/www.europesays.com\/pt\/wp-json\/wp\/v2\/posts"}],"about":[{"href":"https:\/\/www.europesays.com\/pt\/wp-json\/wp\/v2\/types\/post"}],"author":[{"embeddable":true,"href":"https:\/\/www.europesays.com\/pt\/wp-json\/wp\/v2\/users\/2"}],"replies":[{"embeddable":true,"href":"https:\/\/www.europesays.com\/pt\/wp-json\/wp\/v2\/comments?post=477515"}],"version-history":[{"count":0,"href":"https:\/\/www.europesays.com\/pt\/wp-json\/wp\/v2\/posts\/477515\/revisions"}],"wp:featuredmedia":[{"embeddable":true,"href":"https:\/\/www.europesays.com\/pt\/wp-json\/wp\/v2\/media\/477516"}],"wp:attachment":[{"href":"https:\/\/www.europesays.com\/pt\/wp-json\/wp\/v2\/media?parent=477515"}],"wp:term":[{"taxonomy":"category","embeddable":true,"href":"https:\/\/www.europesays.com\/pt\/wp-json\/wp\/v2\/categories?post=477515"},{"taxonomy":"post_tag","embeddable":true,"href":"https:\/\/www.europesays.com\/pt\/wp-json\/wp\/v2\/tags?post=477515"}],"curies":[{"name":"wp","href":"https:\/\/api.w.org\/{rel}","templated":true}]}}