{"id":477639,"date":"2026-08-07T04:41:34","date_gmt":"2026-08-07T04:41:34","guid":{"rendered":"https:\/\/www.europesays.com\/pt\/477639\/"},"modified":"2026-08-07T04:41:34","modified_gmt":"2026-08-07T04:41:34","slug":"diana-chaves-recorda-o-que-aconteceu-nos-bastidores-com-atriz-da-sic-aquilo-que-vi-nao-e-bonito","status":"publish","type":"post","link":"https:\/\/www.europesays.com\/pt\/477639\/","title":{"rendered":"Diana Chaves &#8211; Recorda o que aconteceu nos bastidores com atriz da SIC: \u201cAquilo que vi n\u00e3o \u00e9 bonito\u201d"},"content":{"rendered":"<p><strong>Filipa Nascimento<\/strong> marcou presen\u00e7a esta quarta-feira, 5 de agosto, no programa <strong>Casa Feliz<\/strong>, da <strong>SIC<\/strong>. Com <strong>Jo\u00e3o Bai\u00e3o<\/strong> de f\u00e9rias, apenas <strong>Diana Chaves<\/strong> conduzia o matutino o que gerou um momento de grande cumplicidade entre as duas.<\/p>\n<p>\u201cCome\u00e7ou contigo. E por acaso eu nunca te disse isto, vou dizer agora\u201d, come\u00e7ou a atriz ao recordar o seu in\u00edcio de carreira. <strong>\u201cJ\u00e1 passaram 10 anos e at\u00e9 hoje, eu lembro-me de tanta coisa que tu me disseste, frases espec\u00edficas que tu disseste\u201d<\/strong>, falou sobre a apresentadora.<\/p>\n<p><a href=\"https:\/\/www.novagente.pt\/filipa-nascimento-como-maternidade-mudou-sua-vida-tive\" rel=\"nofollow noopener\" target=\"_blank\">Filipa<\/a> estreou-se em televis\u00e3o na novela <strong>Vida Opostas<\/strong>, da esta\u00e7\u00e3o de Pa\u00e7o de Arcos, ao lado de grandes nomes, como <strong>Diana Chaves<\/strong>.<\/p>\n<blockquote>\n<p>Leia tamb\u00e9m: <a href=\"https:\/\/www.novagente.pt\/diana-chaves-vem-ai-bebe-pista-que-pode-ter-revelado-que-esta-gravida-caminho\" rel=\"nofollow noopener\" target=\"_blank\">Vem a\u00ed beb\u00e9? A pista que pode ter revelado que Diana Chaves est\u00e1 gr\u00e1vida<\/a><\/p>\n<\/blockquote>\n<p>\u201cEu era verdinha, era muito nova, entrei ali e n\u00e3o conhecia ningu\u00e9m, achava que era uma coisa diferente e tu estiveste sempre ao meu lado, <strong>ajudaste-me mesmo quando havia pessoas que n\u00e3o eram t\u00e3o boazinhas\u201d<\/strong>, agradeceu e confessou: <strong>\u201cEu sei que a profissional que eu sou hoje tem muito a ver contigo\u201d<\/strong>.<\/p>\n<p>Visivelmente emocionada com a declara\u00e7\u00e3o, a apresentadora explicou que apenas fez aquilo que sentiu ser correto.<\/p>\n<p><strong>\u201cFoi de cora\u00e7\u00e3o (\u2026) Lembro-me perfeitamente nessa altura, quando tu te estreaste, estreaste-te com um papel de protagonista e, infelizmente, e temos que falar disto com naturalidade, \u00e0s vezes isso incomoda as pessoas\u201d<\/strong>, relembrou e exp\u00f4s ainda: <strong>\u201cAquilo que vi n\u00e3o \u00e9 bonito, mas eu vi coisas que j\u00e1 me tinham feito a mim,<\/strong> s\u00f3 que eu j\u00e1 tinha outra maturidade, e a mim afligiu-me pensar que isso te podia deitar abaixo\u201d.<\/p>\n<p>\u00a0<\/p>\n<p>Texto: Carolina Charrua; Fotos: Redes sociais e Impala<\/p>\n<p class=\"intagram-text\">Siga a Nova Gente no Instagram<\/p>\n<p>                        <a href=\"https:\/\/www.instagram.com\/revistanovagente\/\" target=\"_blank\" aria-label=\"instagram\" rel=\"noopener nofollow\"><img decoding=\"async\" style=\"display: block; margin-left: auto; margin-right: auto; width: 250px; height: 83px;\" src=\"https:\/\/www.europesays.com\/pt\/wp-content\/uploads\/2026\/08\/1786077694_155_Instagram_NG.png\" alt=\"instagram\"\/><\/a><br \/>\n                    <script async src=\"\/\/www.instagram.com\/embed.js\"><\/script><\/p>\n","protected":false},"excerpt":{"rendered":"Filipa Nascimento marcou presen\u00e7a esta quarta-feira, 5 de agosto, no programa Casa Feliz, da SIC. Com Jo\u00e3o Bai\u00e3o&hellip;\n","protected":false},"author":2,"featured_media":477640,"comment_status":"","ping_status":"","sticky":false,"template":"","format":"standard","meta":{"footnotes":"","_share_on_mastodon":"0"},"categories":[85],"tags":[3539,813,13988,13986,114,115,19560,2931,32,33,1751],"class_list":["post-477639","post","type-post","status-publish","format-standard","has-post-thumbnail","category-entretenimento","tag-apresentadora","tag-atriz","tag-casa-feliz","tag-diana-chaves","tag-entertainment","tag-entretenimento","tag-filipa-nascimento","tag-novela","tag-portugal","tag-pt","tag-sic"],"share_on_mastodon":{"url":"https:\/\/pubeurope.com\/@pt\/117052394065595630","error":""},"_links":{"self":[{"href":"https:\/\/www.europesays.com\/pt\/wp-json\/wp\/v2\/posts\/477639","targetHints":{"allow":["GET"]}}],"collection":[{"href":"https:\/\/www.europesays.com\/pt\/wp-json\/wp\/v2\/posts"}],"about":[{"href":"https:\/\/www.europesays.com\/pt\/wp-json\/wp\/v2\/types\/post"}],"author":[{"embeddable":true,"href":"https:\/\/www.europesays.com\/pt\/wp-json\/wp\/v2\/users\/2"}],"replies":[{"embeddable":true,"href":"https:\/\/www.europesays.com\/pt\/wp-json\/wp\/v2\/comments?post=477639"}],"version-history":[{"count":0,"href":"https:\/\/www.europesays.com\/pt\/wp-json\/wp\/v2\/posts\/477639\/revisions"}],"wp:featuredmedia":[{"embeddable":true,"href":"https:\/\/www.europesays.com\/pt\/wp-json\/wp\/v2\/media\/477640"}],"wp:attachment":[{"href":"https:\/\/www.europesays.com\/pt\/wp-json\/wp\/v2\/media?parent=477639"}],"wp:term":[{"taxonomy":"category","embeddable":true,"href":"https:\/\/www.europesays.com\/pt\/wp-json\/wp\/v2\/categories?post=477639"},{"taxonomy":"post_tag","embeddable":true,"href":"https:\/\/www.europesays.com\/pt\/wp-json\/wp\/v2\/tags?post=477639"}],"curies":[{"name":"wp","href":"https:\/\/api.w.org\/{rel}","templated":true}]}}