{"id":477643,"date":"2026-08-07T04:47:29","date_gmt":"2026-08-07T04:47:29","guid":{"rendered":"https:\/\/www.europesays.com\/pt\/477643\/"},"modified":"2026-08-07T04:47:29","modified_gmt":"2026-08-07T04:47:29","slug":"aap-rocky-entrega-aguardado-retorno-musical-de-rihanna","status":"publish","type":"post","link":"https:\/\/www.europesays.com\/pt\/477643\/","title":{"rendered":"A$AP Rocky entrega aguardado retorno musical de Rihanna"},"content":{"rendered":"<p class=\"wp-block-paragraph\">A espera por m\u00fasicas novas de Rihanna pode estar chegando ao fim, 10 anos ap\u00f3s o lan\u00e7amento de \u201cAnti\u201d, seu \u00faltimo disco. Durante uma entrevista no programa \u201cThe Jason Lee Show\u201d, o companheiro da cantora, A$AP Rocky, afirmou que ela est\u00e1 no est\u00fadio trabalhando em seu pr\u00f3ximo projeto.<\/p>\n<p class=\"has-luminous-vivid-orange-color has-text-color has-link-color wp-elements-23c8d24934ebd6a82851705809eda15a wp-block-paragraph\"><strong><a href=\"https:\/\/chat.whatsapp.com\/FnDWEihz4meDvhNL3hsfMi\" target=\"_blank\" rel=\"noreferrer noopener nofollow\">Receba as Not\u00edcias de OFuxico em seu celular<\/a><\/strong><\/p>\n<p class=\"wp-block-paragraph\">\u201cEla est\u00e1 no est\u00fadio agora mesmo. \u00c9, eu falei\u2026 Desculpa, amor\u201d, comentou, afirmando que estaria em problemas por fazer tal revela\u00e7\u00e3o. \u201cEst\u00e1 trabalhando e preparando algo muito bom, s\u00e9rio\u201d, confessou.<\/p>\n<p class=\"has-luminous-vivid-orange-color has-text-color has-link-color wp-elements-e3708af72f913c460e9e0d2952244660 wp-block-paragraph\"><strong><a href=\"https:\/\/ofuxico.com.br\/aniversario\/rihanna-reune-familia-em-festa-de-riot-com-tema-homem-aranha\/\" type=\"link\" id=\"https:\/\/ofuxico.com.br\/aniversario\/rihanna-reune-familia-em-festa-de-riot-com-tema-homem-aranha\/\" rel=\"nofollow noopener\" target=\"_blank\">Rihanna re\u00fane fam\u00edlia em festa de Riot com tema \u2018Homem-Aranha\u2019<\/a><\/strong><br \/><strong><a href=\"https:\/\/ofuxico.com.br\/noticias\/rihanna-faz-tatuagem-em-homenagem-aos-filhos-e-divide-opinioes\/\" type=\"link\" id=\"https:\/\/ofuxico.com.br\/noticias\/rihanna-faz-tatuagem-em-homenagem-aos-filhos-e-divide-opinioes\/\" rel=\"nofollow noopener\" target=\"_blank\">Cantora faz tatuagem em homenagem aos filhos e divide opini\u00f5es<\/a><\/strong><br \/><strong><a href=\"https:\/\/ofuxico.com.br\/noticias\/internacional\/rihanna-surpreende-e-impressiona-com-look-ousado\/\" type=\"link\" id=\"https:\/\/ofuxico.com.br\/noticias\/internacional\/rihanna-surpreende-e-impressiona-com-look-ousado\/\" rel=\"nofollow noopener\" target=\"_blank\">Rihanna surpreende e impressiona com look ousado<\/a><\/strong><\/p>\n<p class=\"wp-block-paragraph\">O rapper aproveitou para dissipar os rumores de que ele seria o respons\u00e1vel pela pausa musical da artista.<\/p>\n<p class=\"wp-block-paragraph\">Rocky descartou gravar um \u00e1lbum completo com a m\u00e3e de seus tr\u00eas filhos. Al\u00e9m disso esclareceu que seus estilos art\u00edsticos pertencem a mundos completamente diferentes e que uma colabora\u00e7\u00e3o dessa magnitude n\u00e3o funcionaria.<\/p>\n","protected":false},"excerpt":{"rendered":"A espera por m\u00fasicas novas de Rihanna pode estar chegando ao fim, 10 anos ap\u00f3s o lan\u00e7amento de&hellip;\n","protected":false},"author":2,"featured_media":477644,"comment_status":"","ping_status":"","sticky":false,"template":"","format":"standard","meta":{"footnotes":"","_share_on_mastodon":"0"},"categories":[145],"tags":[211,210,114,115,150,32,33,574],"class_list":["post-477643","post","type-post","status-publish","format-standard","has-post-thumbnail","category-celebridades","tag-celebridades","tag-celebrities","tag-entertainment","tag-entretenimento","tag-musica","tag-portugal","tag-pt","tag-show"],"share_on_mastodon":{"url":"https:\/\/pubeurope.com\/@pt\/117052417193595094","error":""},"_links":{"self":[{"href":"https:\/\/www.europesays.com\/pt\/wp-json\/wp\/v2\/posts\/477643","targetHints":{"allow":["GET"]}}],"collection":[{"href":"https:\/\/www.europesays.com\/pt\/wp-json\/wp\/v2\/posts"}],"about":[{"href":"https:\/\/www.europesays.com\/pt\/wp-json\/wp\/v2\/types\/post"}],"author":[{"embeddable":true,"href":"https:\/\/www.europesays.com\/pt\/wp-json\/wp\/v2\/users\/2"}],"replies":[{"embeddable":true,"href":"https:\/\/www.europesays.com\/pt\/wp-json\/wp\/v2\/comments?post=477643"}],"version-history":[{"count":0,"href":"https:\/\/www.europesays.com\/pt\/wp-json\/wp\/v2\/posts\/477643\/revisions"}],"wp:featuredmedia":[{"embeddable":true,"href":"https:\/\/www.europesays.com\/pt\/wp-json\/wp\/v2\/media\/477644"}],"wp:attachment":[{"href":"https:\/\/www.europesays.com\/pt\/wp-json\/wp\/v2\/media?parent=477643"}],"wp:term":[{"taxonomy":"category","embeddable":true,"href":"https:\/\/www.europesays.com\/pt\/wp-json\/wp\/v2\/categories?post=477643"},{"taxonomy":"post_tag","embeddable":true,"href":"https:\/\/www.europesays.com\/pt\/wp-json\/wp\/v2\/tags?post=477643"}],"curies":[{"name":"wp","href":"https:\/\/api.w.org\/{rel}","templated":true}]}}