{"id":47814,"date":"2025-08-27T20:20:07","date_gmt":"2025-08-27T20:20:07","guid":{"rendered":"https:\/\/www.europesays.com\/pt\/47814\/"},"modified":"2025-08-27T20:20:07","modified_gmt":"2025-08-27T20:20:07","slug":"meghan-markle-compartilha-video-raro-da-filha-lilibet-apos-encontrar-presente-comovente-de-principe-harry-globo","status":"publish","type":"post","link":"https:\/\/www.europesays.com\/pt\/47814\/","title":{"rendered":"Meghan Markle compartilha v\u00eddeo raro da filha Lilibet ap\u00f3s encontrar presente comovente de Pr\u00edncipe Harry &#8211; Globo"},"content":{"rendered":"<ol>\n<li><a href=\"https:\/\/news.google.com\/rss\/articles\/CBMigAJBVV95cUxNTzNKdUdUOTVZZGJQOF9IUkh4N1o1Znh1ZG9MQTZPQWYyS1RXM3l4RmpSbXlIbkhFQjdhakFPTzhqaktJMUJVNjIyNmpHOTdLYXhYZjVmdFYtakVvMHZpRm8tTXI5Mi10REkxTHJlNDUtYXNwaFBCWUoyUEVJd0ExWkVna3dUV2JwWl93NEVXYWdhU0JXaGNGSWdfUEpYOW1TbU4yd2U0NE5iWkVmT3FlVjlUQ1RPSkgzY3JOSkpwR05HYnNrOXRVSXVFNE55VEl1amlDLVdiemxIaFBhaHpmdGppZXdYX0hiN2dSVFNJWHRkbE5lUjllREh1VWxWM2pp0gGPAkFVX3lxTE1IUGxiWWU4azMyT1ZfcnFCMGpRRGVYVU41blltakp0MW1ZX2lFd3p6RUhpZHJoOEtiQmNzYXp2QnItR1BPZUV0QUpvODZqbFJwYU5NWkNLbjBXU3IyellscGRRLTk2Y094Y1dBMTFfU3dSWXk1TmMzU1A2dTRvSFc3WjBFdHpFWmFSRmROcC10QmtVUlh1VUJ6OEtGaFh1T01GNTIzSEFNdGZ5MlhLbTRzcTRIWUR0MmtKcmdNMEU0ZG0yVjhJNEhnUl9mT0Myc3NQSjZuRm5BdVdscWFFUEFlMlY2Vjdab19BQmZkaEttUG1GUTF1cXhoZTdPX1lSV3QwUGthSGJpTDZMWVlhemc?oc=5\" target=\"_blank\" rel=\"nofollow noopener\">Meghan Markle compartilha v\u00eddeo raro da filha Lilibet ap\u00f3s encontrar presente comovente de Pr\u00edncipe Harry<\/a>&nbsp;&nbsp;Globo<\/li>\n<li><a href=\"https:\/\/news.google.com\/rss\/articles\/CBMipgFBVV95cUxQNkduTWtrVjduN29zMkVzdTBtTG44WDEyUzF3RHhlLUVKYzFlYnd0WWx4bGxXR0UwTUJnVUF1cE1VZzBMemtlR2h5TVdRS3FpMkF3WmFKYnlGRGhiZkczdjA0dXF0b1ZYSnRtVjVxOTZwaGtKLXpOX2k0c01hbFRuU1p0QWVlTTZfTVlKUHZfb2lSclJaTFZGWGZZQUF6STRLak5VZmxn?oc=5\" target=\"_blank\" rel=\"nofollow noopener\">Meghan Markle mostra surpresa que ganhou do Pr\u00edncipe Harry<\/a>&nbsp;&nbsp;CNN Brasil<\/li>\n<li><a href=\"https:\/\/news.google.com\/rss\/articles\/CBMitAFBVV95cUxOQlB0SVBqcHN2bk1YR3hmUHJsbF9ZQm1JU0wwQm9HNkgxazNTX0cxOTl6Nm83QzB3WFQ2TWtZNk1DMzBiQnFPaUtaczU1dmpWTVRWN2hwLXFLWW5sODhSN2NfRUtYSTZBR182ckxzNFhGZHFsYVdRWTYySHZjMzRkcUE3UVNmbmVzTkR3ZmxUTlk2NDRUUzB1a3MxRmNrdDFyQWhsajBaSEozelJNcVpDcUNpQzfSAboBQVVfeXFMT3V6d1pFbDdZMGotTzRaRjdmeVVIVnpFVlg0Mk1EV3g4YVBhWUJpQURXUWdGN0dDc1NCVEk4Z3N5YlVmUXhrVHBiYmFsci1ZVzVfUUlIeXRqZ3Y3d1NzcXlDWHViLWNIQTlURnJ6Y2RPeGcteHJnOTA1ZHJzWFVwWkJuczJDTmxNZ2ZZWldSSnJnbXVKS0RnUHRtaGgxa0w2Wkg5eTJWREJUTG94TzFPT3N2a2tMUUYzVHp3?oc=5\" target=\"_blank\" rel=\"nofollow noopener\">Meghan Markle exibe imagem in\u00e9dita da filha, princesa Lilibet, na casa da fam\u00edlia<\/a>&nbsp;&nbsp;CARAS Brasil<\/li>\n<li><a href=\"https:\/\/news.google.com\/rss\/articles\/CBMiwAFBVV95cUxQMm0zWnJlMTU4Q0cyT0NPR1Z2T1hFMWRzdXNpSmFnbUI1bnVtbWQ2bVg5Q24wekd5SjVDNllfUW5MTFdrejJQMW9qS1pra0ktaU14clhRZXpvcVhVNXljTXJpNUt6alA2al82NmVDR3VXUkZXN1VJZTRhMksxMXBubjRCOWlLVWZqdkVvc0h3NjJuc1lwcjJvS29XdF9GZGdWVi0yVzlzWjRCdUxfMVQzWEdEZmgzMmlPR2ZQNjJybW0?oc=5\" target=\"_blank\" rel=\"nofollow noopener\">Meghan Markle surpreende ao publicar v\u00eddeo raro da filha Lilibet Diana<\/a>&nbsp;&nbsp;Estrelando<\/li>\n<\/ol>\n","protected":false},"excerpt":{"rendered":"Meghan Markle compartilha v\u00eddeo raro da filha Lilibet ap\u00f3s encontrar presente comovente de Pr\u00edncipe Harry&nbsp;&nbsp;Globo Meghan Markle mostra&hellip;\n","protected":false},"author":2,"featured_media":47815,"comment_status":"","ping_status":"","sticky":false,"template":"","format":"standard","meta":{"footnotes":""},"categories":[85],"tags":[114,115,32,33],"class_list":{"0":"post-47814","1":"post","2":"type-post","3":"status-publish","4":"format-standard","5":"has-post-thumbnail","7":"category-entretenimento","8":"tag-entertainment","9":"tag-entretenimento","10":"tag-portugal","11":"tag-pt"},"share_on_mastodon":{"url":"","error":""},"_links":{"self":[{"href":"https:\/\/www.europesays.com\/pt\/wp-json\/wp\/v2\/posts\/47814","targetHints":{"allow":["GET"]}}],"collection":[{"href":"https:\/\/www.europesays.com\/pt\/wp-json\/wp\/v2\/posts"}],"about":[{"href":"https:\/\/www.europesays.com\/pt\/wp-json\/wp\/v2\/types\/post"}],"author":[{"embeddable":true,"href":"https:\/\/www.europesays.com\/pt\/wp-json\/wp\/v2\/users\/2"}],"replies":[{"embeddable":true,"href":"https:\/\/www.europesays.com\/pt\/wp-json\/wp\/v2\/comments?post=47814"}],"version-history":[{"count":0,"href":"https:\/\/www.europesays.com\/pt\/wp-json\/wp\/v2\/posts\/47814\/revisions"}],"wp:featuredmedia":[{"embeddable":true,"href":"https:\/\/www.europesays.com\/pt\/wp-json\/wp\/v2\/media\/47815"}],"wp:attachment":[{"href":"https:\/\/www.europesays.com\/pt\/wp-json\/wp\/v2\/media?parent=47814"}],"wp:term":[{"taxonomy":"category","embeddable":true,"href":"https:\/\/www.europesays.com\/pt\/wp-json\/wp\/v2\/categories?post=47814"},{"taxonomy":"post_tag","embeddable":true,"href":"https:\/\/www.europesays.com\/pt\/wp-json\/wp\/v2\/tags?post=47814"}],"curies":[{"name":"wp","href":"https:\/\/api.w.org\/{rel}","templated":true}]}}