{"id":478141,"date":"2026-08-07T15:15:43","date_gmt":"2026-08-07T15:15:43","guid":{"rendered":"https:\/\/www.europesays.com\/pt\/478141\/"},"modified":"2026-08-07T15:15:43","modified_gmt":"2026-08-07T15:15:43","slug":"a-guerra-da-agua-ja-comecou-ha-muito-tempo-na-alemanha","status":"publish","type":"post","link":"https:\/\/www.europesays.com\/pt\/478141\/","title":{"rendered":"A guerra da \u00e1gua j\u00e1 come\u00e7ou h\u00e1 muito tempo na Alemanha"},"content":{"rendered":"<p class=\"wp-caption-text top\"><a href=\"https:\/\/www.flickr.com\/photos\/dadofekl\/33421204686\/in\/photolist-SVjpM1-27k9mwJ-Dey5RK-YySB38-2aeDUHu-25Bw4s6-QtfHVs-QtfJ17-UK766r-Yjxhsf-2aby8UH-282CDuw-XedBE9-2bWECQv-2ayagfD-RC75kM-Nghk9Z-pzJ7Fb-nJ7a7L-Ngga1z-2azErgf-2a8uUnX-oeJkQK-29gEMnz-2bWEzSg-SChACm-26AQ22C-Hq1AsV-24Xyiu1-D4Fqqb-utnvcF-2aQQfT1-Wkg9oa-RDZ7BG-Ci9Tty-24Pvh1v-ZjYzef-VTgEmT-foRn1s-edmWVV-216RgYH-29tEHaV-28zPsGg-2biCEjx-FxAnxa-T9hDVS-25PPSHG-25PQ3f7-H5iAuB-fnWkFi\" rel=\"nofollow noopener\" data-wpel-link=\"external\" class=\"ext-link\" target=\"_blank\">dadofekl \/ Flickr<br \/>\n<\/a><\/p>\n<p><img loading=\"eager\" fetchpriority=\"high\" decoding=\"async\" class=\"size-kopa-image-size-3 wp-image-492468\" src=\"https:\/\/www.europesays.com\/pt\/wp-content\/uploads\/2026\/08\/24b2279a95231c35900fe08d6c9e1377-783x450.jpg\" alt=\"\" width=\"700\" height=\"402\"  \/><\/p>\n<p class=\"wp-caption-text bot\">Rio Reno<\/p>\n<p><strong>Escassez de \u00e1gua amea\u00e7a ind\u00fastria alem\u00e3 e intensifica disputa por recursos h\u00eddricos. Reno em n\u00edveis hist\u00f3ricos.<\/strong><\/p>\n<p>No fim-de-semana passado, o n\u00edvel de \u00e1gua do rio Reno atingiu o n\u00edvel mais baixo de sempre. Ou, pelo menos, desde que h\u00e1 registos oficiais. H\u00e1 perturba\u00e7\u00f5es na navega\u00e7\u00e3o fluvial, nas ind\u00fastrias, na economia no geral na Alemanha.<\/p>\n<p>A diminui\u00e7\u00e3o dos n\u00edveis de \u00e1gua nos rios alem\u00e3es, em particular no Reno, est\u00e1 a revelar um problema estrutural que poder\u00e1 transformar-se num dos maiores desafios econ\u00f3micos e ambientais da pr\u00f3xima d\u00e9cada.<\/p>\n<p>Para al\u00e9m das dificuldades imediatas na navega\u00e7\u00e3o fluvial, especialistas alertam para uma crescente disputa entre empresas, autarquias e setor agr\u00edcola pelo acesso \u00e0 \u00e1gua, um recurso cuja disponibilidade j\u00e1 condiciona decis\u00f5es de investimento e localiza\u00e7\u00e3o industrial.<\/p>\n<p>Uma an\u00e1lise do <a href=\"https:\/\/www.handelsblatt.com\/unternehmen\/industrie\/klimawandel-duerre-in-deutschland-der-kampf-um-wasser-hat-laengst-begonnen\/100236543.html\" data-wpel-link=\"external\" rel=\"noopener nofollow\" class=\"ext-link\" target=\"_blank\">Handelsblatt<\/a> conclui que este conflito j\u00e1 est\u00e1 em curso. A guerra pela \u00e1gua j\u00e1 come\u00e7ou h\u00e1 muito tempo, refletindo-se tanto na atribui\u00e7\u00e3o de direitos de utiliza\u00e7\u00e3o da \u00e1gua como nos planos de expans\u00e3o de diversas empresas.<\/p>\n<p>O fen\u00f3meno n\u00e3o se limita \u00e0 Alemanha. Segundo Saroj Jha, diretor global para a \u00e1rea da \u00e1gua do Grupo Banco Mundial, o planeta perde anualmente cerca de 324 mil milh\u00f5es de metros c\u00fabicos de \u00e1gua doce, um volume equivalente ao consumo de aproximadamente 280 milh\u00f5es de pessoas.<\/p>\n<p>As consequ\u00eancias poder\u00e3o ser profundas, incluindo perdas de emprego e rendimento, redu\u00e7\u00e3o da produ\u00e7\u00e3o alimentar e maior frequ\u00eancia de desastres ambientais, como inc\u00eandios florestais.<\/p>\n<p>Ao mesmo tempo, a procura de \u00e1gua continua a aumentar, impulsionada pelo crescimento de novas ind\u00fastrias, nomeadamente os centros de dados associados \u00e0 intelig\u00eancia artificial, cuja opera\u00e7\u00e3o exige elevados consumos de recursos h\u00eddricos.<\/p>\n<p>De acordo com especialistas, estas novas atividades poder\u00e3o fazer crescer a procura mundial de \u00e1gua em cerca de 2,6 vezes.<\/p>\n<p>Este cen\u00e1rio poder\u00e1 levar os estados federados alem\u00e3es a competir entre si para assegurar recursos h\u00eddricos suficientes para atrair investimento industrial, tornando a disponibilidade de \u00e1gua um fator determinante para a competitividade econ\u00f3mica do pa\u00eds.<\/p>\n<p>Entretanto, o impacto econ\u00f3mico da atual situa\u00e7\u00e3o de \u00e1guas baixas no Reno j\u00e1 \u00e9 significativo.<\/p>\n<p>Um estudo da consultora Prognos estima perdas de produ\u00e7\u00e3o na ordem dos 913 milh\u00f5es de euros na bacia do rio, acompanhadas por uma redu\u00e7\u00e3o de 214 milh\u00f5es de euros em valor acrescentado e o equivalente \u00e0 perda de cerca de 1.900 postos de trabalho.<\/p>\n<p>A regi\u00e3o de Mannheim-Ludwigshafen surge entre as mais afetadas, com perdas estimadas em 494 milh\u00f5es de euros, dos quais 331 milh\u00f5es correspondem ao setor qu\u00edmico. Seguem-se as regi\u00f5es do Reno-Meno, Karlsruhe e Mainz. A ind\u00fastria qu\u00edmica \u00e9 a mais penalizada, acumulando perdas de produ\u00e7\u00e3o de 426 milh\u00f5es de euros, seguida pelas refinarias e pela ind\u00fastria petrol\u00edfera.<\/p>\n<p>As refinarias enfrentam dificuldades acrescidas devido \u00e0 redu\u00e7\u00e3o do calado do Reno. Em v\u00e1rios tro\u00e7os, as embarca\u00e7\u00f5es apenas conseguem transportar um quarto da carga habitual ou s\u00e3o obrigadas a interromper temporariamente a atividade, levando muitas empresas a recorrer ao transporte ferrovi\u00e1rio e rodovi\u00e1rio como alternativa.<\/p>\n","protected":false},"excerpt":{"rendered":"dadofekl \/ Flickr Rio Reno Escassez de \u00e1gua amea\u00e7a ind\u00fastria alem\u00e3 e intensifica disputa por recursos h\u00eddricos. Reno&hellip;\n","protected":false},"author":2,"featured_media":478142,"comment_status":"","ping_status":"","sticky":false,"template":"","format":"standard","meta":{"footnotes":"","_share_on_mastodon":"0"},"categories":[50],"tags":[1467,1305,27,28,476,15,16,14,295,25,26,21,22,62,12,13,19,20,23,24,17,18,29,30,31,63,64,65],"class_list":["post-478141","post","type-post","status-publish","format-standard","has-post-thumbnail","category-mundo","tag-agua","tag-alemanha","tag-breaking-news","tag-breakingnews","tag-economia","tag-featured-news","tag-featurednews","tag-headlines","tag-industria","tag-latest-news","tag-latestnews","tag-main-news","tag-mainnews","tag-mundo","tag-news","tag-noticias","tag-noticias-principais","tag-noticiasprincipais","tag-principais-noticias","tag-principaisnoticias","tag-top-stories","tag-topstories","tag-ultimas","tag-ultimas-noticias","tag-ultimasnoticias","tag-world","tag-world-news","tag-worldnews"],"share_on_mastodon":{"url":"https:\/\/pubeurope.com\/@pt\/117054887330640896","error":""},"_links":{"self":[{"href":"https:\/\/www.europesays.com\/pt\/wp-json\/wp\/v2\/posts\/478141","targetHints":{"allow":["GET"]}}],"collection":[{"href":"https:\/\/www.europesays.com\/pt\/wp-json\/wp\/v2\/posts"}],"about":[{"href":"https:\/\/www.europesays.com\/pt\/wp-json\/wp\/v2\/types\/post"}],"author":[{"embeddable":true,"href":"https:\/\/www.europesays.com\/pt\/wp-json\/wp\/v2\/users\/2"}],"replies":[{"embeddable":true,"href":"https:\/\/www.europesays.com\/pt\/wp-json\/wp\/v2\/comments?post=478141"}],"version-history":[{"count":0,"href":"https:\/\/www.europesays.com\/pt\/wp-json\/wp\/v2\/posts\/478141\/revisions"}],"wp:featuredmedia":[{"embeddable":true,"href":"https:\/\/www.europesays.com\/pt\/wp-json\/wp\/v2\/media\/478142"}],"wp:attachment":[{"href":"https:\/\/www.europesays.com\/pt\/wp-json\/wp\/v2\/media?parent=478141"}],"wp:term":[{"taxonomy":"category","embeddable":true,"href":"https:\/\/www.europesays.com\/pt\/wp-json\/wp\/v2\/categories?post=478141"},{"taxonomy":"post_tag","embeddable":true,"href":"https:\/\/www.europesays.com\/pt\/wp-json\/wp\/v2\/tags?post=478141"}],"curies":[{"name":"wp","href":"https:\/\/api.w.org\/{rel}","templated":true}]}}