{"id":478243,"date":"2026-08-07T16:36:13","date_gmt":"2026-08-07T16:36:13","guid":{"rendered":"https:\/\/www.europesays.com\/pt\/478243\/"},"modified":"2026-08-07T16:36:13","modified_gmt":"2026-08-07T16:36:13","slug":"bruna-biancardi-vai-a-25-de-marco-para-preparar-festa-07-08-2026-celebridades","status":"publish","type":"post","link":"https:\/\/www.europesays.com\/pt\/478243\/","title":{"rendered":"Bruna Biancardi vai \u00e0 25 de Mar\u00e7o para preparar festa &#8211; 07\/08\/2026 &#8211; Celebridades"},"content":{"rendered":"<p>\n<strong class=\"c-signature__location\">S\u00e3o Paulo<\/strong>\n<\/p>\n<p>Nem mesmo o calend\u00e1rio impediu <a href=\"https:\/\/f5.folha.uol.com.br\/celebridades\/2026\/06\/bruna-biancardi-diz-que-terceira-gravidez-com-neymar-foi-planejada-e-fala-em-possivel-novo-filho.shtml\" rel=\"nofollow noopener\" target=\"\">Bruna Biancardi<\/a> de entrar no clima das festas juninas. Gr\u00e1vida da terceira filha com <a href=\"https:\/\/www1.folha.uol.com.br\/folha-topicos\/neymar\/\" rel=\"nofollow noopener\" target=\"_blank\">Neymar<\/a>, a influenciadora passou pela tradicional <a href=\"https:\/\/www1.folha.uol.com.br\/colunas\/painel\/2026\/06\/comerciarios-vao-a-regiao-25-de-marco-em-defesa-do-pix.shtml\" rel=\"nofollow noopener\" target=\"\">rua 25 de Mar\u00e7o, em S\u00e3o Paulo<\/a>, nesta quinta-feira (6), para comprar itens de decora\u00e7\u00e3o para um arraial fora de \u00e9poca que acontecer\u00e1 na casa da fam\u00edlia, no litoral paulista.<\/p>\n","protected":false},"excerpt":{"rendered":"S\u00e3o Paulo Nem mesmo o calend\u00e1rio impediu Bruna Biancardi de entrar no clima das festas juninas. Gr\u00e1vida da&hellip;\n","protected":false},"author":2,"featured_media":478244,"comment_status":"","ping_status":"","sticky":false,"template":"","format":"standard","meta":{"footnotes":"","_share_on_mastodon":"0"},"categories":[145],"tags":[219,4290,211,210,223,114,115,224,225,68175,226,524,221,220,222,3359,1996,32,33,76509,15221,218,228,227],"class_list":["post-478243","post","type-post","status-publish","format-standard","has-post-thumbnail","category-celebridades","tag-bichos","tag-bruna-biancardi","tag-celebridades","tag-celebrities","tag-colunistas","tag-entertainment","tag-entretenimento","tag-estranho","tag-eu-amo","tag-festa-junina","tag-fofices","tag-futebol","tag-horoscopo","tag-humanos","tag-humor","tag-influenciador-digital","tag-neymar","tag-portugal","tag-pt","tag-so-joo","tag-santos-fc","tag-televisao","tag-tudo","tag-videos"],"share_on_mastodon":{"url":"https:\/\/pubeurope.com\/@pt\/117055205359941493","error":""},"_links":{"self":[{"href":"https:\/\/www.europesays.com\/pt\/wp-json\/wp\/v2\/posts\/478243","targetHints":{"allow":["GET"]}}],"collection":[{"href":"https:\/\/www.europesays.com\/pt\/wp-json\/wp\/v2\/posts"}],"about":[{"href":"https:\/\/www.europesays.com\/pt\/wp-json\/wp\/v2\/types\/post"}],"author":[{"embeddable":true,"href":"https:\/\/www.europesays.com\/pt\/wp-json\/wp\/v2\/users\/2"}],"replies":[{"embeddable":true,"href":"https:\/\/www.europesays.com\/pt\/wp-json\/wp\/v2\/comments?post=478243"}],"version-history":[{"count":0,"href":"https:\/\/www.europesays.com\/pt\/wp-json\/wp\/v2\/posts\/478243\/revisions"}],"wp:featuredmedia":[{"embeddable":true,"href":"https:\/\/www.europesays.com\/pt\/wp-json\/wp\/v2\/media\/478244"}],"wp:attachment":[{"href":"https:\/\/www.europesays.com\/pt\/wp-json\/wp\/v2\/media?parent=478243"}],"wp:term":[{"taxonomy":"category","embeddable":true,"href":"https:\/\/www.europesays.com\/pt\/wp-json\/wp\/v2\/categories?post=478243"},{"taxonomy":"post_tag","embeddable":true,"href":"https:\/\/www.europesays.com\/pt\/wp-json\/wp\/v2\/tags?post=478243"}],"curies":[{"name":"wp","href":"https:\/\/api.w.org\/{rel}","templated":true}]}}