{"id":478423,"date":"2026-08-07T19:45:22","date_gmt":"2026-08-07T19:45:22","guid":{"rendered":"https:\/\/www.europesays.com\/pt\/478423\/"},"modified":"2026-08-07T19:45:22","modified_gmt":"2026-08-07T19:45:22","slug":"ana-hickmann-comemora-cha-de-lingerie-com-muito-estilo-quanto-mais-edu-guedes-melhor-record","status":"publish","type":"post","link":"https:\/\/www.europesays.com\/pt\/478423\/","title":{"rendered":"Ana Hickmann comemora ch\u00e1 de lingerie com muito estilo: \u2018Quanto mais Edu Guedes melhor!\u2019 \u2013 Record"},"content":{"rendered":"<p><img decoding=\"async\" data-chromatic=\"ignore\" alt=\"\" class=\"c-image\" loading=\"lazy\" src=\"https:\/\/www.europesays.com\/pt\/wp-content\/uploads\/2026\/08\/OH3NRN3PNVFUXGDMOM6DJ7JFTU.png\"  width=\"677\" height=\"369\"\/>Apresentadora decorou a festa com fotos do noivo espalhadas pelo sal\u00e3o e at\u00e9 nos docinhos Reprodu\u00e7\u00e3o\/Instagram <\/p>\n<p class=\"jarvics:base-text-neutral-high-400 xovem:base-text-dark-high-400 base-text-[calc(theme(fontSize.xs)_*_var(--font-size,_1))] base-font-normal base-font-primary base-text-neutral-low-500 base-text-left\">Com a ansiedade a mil para o grande dia, <b>Ana Hickmann e Edu Guedes <\/b>se casam em 12 de setembro para selar a uni\u00e3o em Araras, no interior de S\u00e3o Paulo. Para relaxar um pouco no meio de um turbilh\u00e3o de tarefas que a organiza\u00e7\u00e3o de um casamento exige, a apresentadora do <a href=\"https:\/\/record.r7.com\/hoje-em-dia\/\" target=\"_self\" rel=\"nofollow noopener\" title=\"https:\/\/record.r7.com\/hoje-em-dia\/\"><b>Hoje em Dia, <\/b><\/a>aproveitou para dar boas risadas no seu ch\u00e1 de lingerie com amigos pr\u00f3ximos. <\/p>\n<p class=\"jarvics:base-text-neutral-high-400 xovem:base-text-dark-high-400 base-text-[calc(theme(fontSize.xs)_*_var(--font-size,_1))] base-font-normal base-font-primary base-text-neutral-low-500 base-text-left\">A noiva do ano caprichou em cada detalhe da decora\u00e7\u00e3o: fotos com o rosto de Edu enfeitavam todo o sal\u00e3o e apareciam at\u00e9 nos docinhos. O look de Ana tamb\u00e9m foi um dos destaques: um vestido branco, com um salto e \u00f3culos escuro da mesma cor. Ela compartilhou o momento nas redes sociais: \u201cQuanto mais Edu Guedes melhor! Eu tive o melhor ch\u00e1 de lingerie dessa vida\u201d. <\/p>\n<p class=\"jarvics:base-text-neutral-high-400 xovem:base-text-dark-high-400 base-text-[calc(theme(fontSize.xs)_*_var(--font-size,_1))] base-font-normal base-font-primary base-text-neutral-low-500 base-text-left\">Os seguidores da apresentadora ficaram encantados e demonstraram todo seu carinho?: \u201cQue festa maravilhosa! Imagina o casamento? Vai ser perfeito\u201d, comentou uma f\u00e3.<\/p>\n<p class=\"jarvics:base-text-neutral-high-400 xovem:base-text-dark-high-400 base-text-[calc(theme(fontSize.xs)_*_var(--font-size,_1))] base-font-normal base-font-primary base-text-neutral-low-500 base-text-left\">Outra abriu o cora\u00e7\u00e3o, cheia de felicidade por Ana e Edu: \u201cVoc\u00ea merece viver cada segundo dessa felicidade. Se o ch\u00e1 de lingerie foi inesquec\u00edvel, o casamento promete ser ainda mais especial. Falta pouco!\u201d. Outra brincou: \u201cMuitos Edus, por favor! Minha \u00eddola merece\u201d.<\/p>\n<p class=\"jarvics:base-text-neutral-high-400 xovem:base-text-dark-high-400 base-text-[calc(theme(fontSize.xs)_*_var(--font-size,_1))] base-font-normal base-font-primary base-text-neutral-low-500 base-text-left\"><b>Veja:<\/b><\/p>\n<p class=\"jarvics:base-text-neutral-high-400 xovem:base-text-dark-high-400 base-text-[calc(theme(fontSize.xs)_*_var(--font-size,_1))] base-font-normal base-font-primary base-text-neutral-low-500 base-text-left\">A esposa de <b>Celso Zucatelli, Ana Zucatelli,<\/b> marcou presen\u00e7a no ch\u00e1 da Ana Hickmann. Ela publicou registros da festa, e escreveu um text\u00e3o elogiando e desejando felicidades \u00e0 amiga: \u201cA noite foi toda dela! Da noiva mais linda do ano! Que del\u00edcia de encontro com amigas no Ch\u00e1 da Ana! Uma mulherada para l\u00e1 de animada, um monte de brincadeiras divertidas! As horas passaram voando! Ainda teve comida japonesa da melhor qualidade, bolo, docinhos, m\u00e1scara com a cara do noivo, v\u00e9u para as convidadas! Foi demais! Desejo que voc\u00ea seja muito feliz minha amiga querida! Que seus sonhos se realizem e que a vida sempre sorria pra voc\u00ea! Viu? Estarei sempre aqui!\u201d.<\/p>\n<p class=\"jarvics:base-text-neutral-high-400 xovem:base-text-dark-high-400 base-text-[calc(theme(fontSize.xs)_*_var(--font-size,_1))] base-font-normal base-font-primary base-text-neutral-low-500 base-text-left\">O <a href=\"https:\/\/record.r7.com\/hoje-em-dia\/\" rel=\"nofollow noopener\" title=\"https:\/\/record.r7.com\/hoje-em-dia\/\" target=\"_blank\"><b>Hoje em Dia<\/b><\/a> vai ao ar de segunda a sexta-feira, \u00e0s 9h35, com apresenta\u00e7\u00e3o de Ana Hickmann, Celso Zucatelli e Renata Alves.<\/p>\n<p>Veja tamb\u00e9m: O amor est\u00e1 no ar! Confira sete fotos inspiradoras de Ana Hickmann e Edu Guedes<\/p>\n<p class=\"jarvics:base-text-neutral-high-400 xovem:base-text-dark-high-400 base-text-[calc(theme(fontSize.xxs)_*_var(--font-size,_1))] base-font-semibold base-font-primary base-text-neutral-low-500 base-text-left\">Para celebrar o Dia dos Namorados neste 12 junho, o site oficial convocou o casal do ano: a apresentadora do Hoje em Dia, Ana Hickmann, e o chef Edu Guedes, que ap\u00f3s 20 anos de amizade se reencontraram e n\u00e3o se desgrudaram mais. Veja agora sete momentos inspiradores da dupla!<\/p>\n<p> mostram a cada dia que o amor est\u00e1 mais forte do que nunca. Entre declara\u00e7\u00f5es apaixonadas e at\u00e9 corridas de carro, os dois conquistam os f\u00e3s nas redes sociais e encantam com a sintonia que compartilham. Confira alguns dos momentos mais fofos do casal na internet!<\/p>\n","protected":false},"excerpt":{"rendered":"Apresentadora decorou a festa com fotos do noivo espalhadas pelo sal\u00e3o e at\u00e9 nos docinhos Reprodu\u00e7\u00e3o\/Instagram Com a&hellip;\n","protected":false},"author":2,"featured_media":478424,"comment_status":"","ping_status":"","sticky":false,"template":"","format":"standard","meta":{"footnotes":"","_share_on_mastodon":"0"},"categories":[145],"tags":[6500,211,210,114,115,6279,32,33],"class_list":["post-478423","post","type-post","status-publish","format-standard","has-post-thumbnail","category-celebridades","tag-ana-hickmann","tag-celebridades","tag-celebrities","tag-entertainment","tag-entretenimento","tag-hoje-em-dia","tag-portugal","tag-pt"],"share_on_mastodon":{"url":"https:\/\/pubeurope.com\/@pt\/117055949149267293","error":""},"_links":{"self":[{"href":"https:\/\/www.europesays.com\/pt\/wp-json\/wp\/v2\/posts\/478423","targetHints":{"allow":["GET"]}}],"collection":[{"href":"https:\/\/www.europesays.com\/pt\/wp-json\/wp\/v2\/posts"}],"about":[{"href":"https:\/\/www.europesays.com\/pt\/wp-json\/wp\/v2\/types\/post"}],"author":[{"embeddable":true,"href":"https:\/\/www.europesays.com\/pt\/wp-json\/wp\/v2\/users\/2"}],"replies":[{"embeddable":true,"href":"https:\/\/www.europesays.com\/pt\/wp-json\/wp\/v2\/comments?post=478423"}],"version-history":[{"count":0,"href":"https:\/\/www.europesays.com\/pt\/wp-json\/wp\/v2\/posts\/478423\/revisions"}],"wp:featuredmedia":[{"embeddable":true,"href":"https:\/\/www.europesays.com\/pt\/wp-json\/wp\/v2\/media\/478424"}],"wp:attachment":[{"href":"https:\/\/www.europesays.com\/pt\/wp-json\/wp\/v2\/media?parent=478423"}],"wp:term":[{"taxonomy":"category","embeddable":true,"href":"https:\/\/www.europesays.com\/pt\/wp-json\/wp\/v2\/categories?post=478423"},{"taxonomy":"post_tag","embeddable":true,"href":"https:\/\/www.europesays.com\/pt\/wp-json\/wp\/v2\/tags?post=478423"}],"curies":[{"name":"wp","href":"https:\/\/api.w.org\/{rel}","templated":true}]}}