{"id":478713,"date":"2026-08-08T00:19:21","date_gmt":"2026-08-08T00:19:21","guid":{"rendered":"https:\/\/www.europesays.com\/pt\/478713\/"},"modified":"2026-08-08T00:19:21","modified_gmt":"2026-08-08T00:19:21","slug":"dazn-passa-a-transmitir-jogos-da-liga-portugal-em-espanha","status":"publish","type":"post","link":"https:\/\/www.europesays.com\/pt\/478713\/","title":{"rendered":"DAZN passa a transmitir jogos da Liga Portugal em Espanha"},"content":{"rendered":"<p>A DAZN anunciou, esta sexta-feira, que ir\u00e1 transmitir os jogos da Liga Portugal em Espanha.<\/p>\n<p>O canal j\u00e1 transmite os campeonatos espanh\u00f3is e as principais ligas de Inglaterra, Fran\u00e7a, It\u00e1lia, Alemanha, B\u00e9lgica e Pa\u00edses Baixos. Agora, anunciou ter adquirido os\u00a0direitos de transmiss\u00e3o do campeonato portugu\u00eas para as pr\u00f3ximas duas \u00e9pocas, transmitindo tr\u00eas jogos por jornada.<\/p>\n<p>A Liga Portugal arranca j\u00e1 esta sexta-feira: o pontap\u00e9 de sa\u00edda est\u00e1 marcado para as 20h15, no Estoril-Famalic\u00e3o.<\/p>\n<blockquote class=\"twitter-tweet\">\n<p lang=\"es\">OFICIAL \ud83d\udd25 LA LIGA PORTUGUESA LLEGA A DAZN \ud83c\uddf5\ud83c\uddf9\ud83e\udd29<\/p>\n<p>LALIGA \ud83c\uddea\ud83c\uddf8<br \/>LALIGA HYPERMOTION \ud83c\uddea\ud83c\uddf8<br \/>PRIMERA FEDERACI\u00d3N \ud83c\uddea\ud83c\uddf8<br \/>PREMIER LEAGUE \ud83c\udff4\udb40\udc67\udb40\udc62\udb40\udc65\udb40\udc6e\udb40\udc67\udb40\udc7f<br \/>SERIE A \ud83c\uddee\ud83c\uddf9<br \/>BUNDESLIGA \ud83c\udde9\ud83c\uddea<br \/>LIGUE 1 \ud83c\uddeb\ud83c\uddf7<br \/>EREDIVISIE \ud83c\uddf3\ud83c\uddf1<br \/>JUPILER PRO LEAGUE \ud83c\udde7\ud83c\uddea<br \/>\u00a1Y AHORA TAMBI\u00c9N LA PRIMEIRA LIGA! \ud83c\udf7f<\/p>\n<p>\u00bfQUER\u00cdAS F\u00daTBOL? \u00a1PUES TOMA F\u00daTBOL! \ud83d\ude0d <a href=\"https:\/\/t.co\/e67aze9dmY\" rel=\"nofollow\">pic.twitter.com\/e67aze9dmY<\/a><\/p>\n<p> \u2014 DAZN Espa\u00f1a (@DAZN_ES)<br \/>\n  <a href=\"https:\/\/x.com\/DAZN_ES\/status\/2085637225916604906?ref_src=twsrc%5Etfw\" rel=\"nofollow\">August 7, 2026<\/a>\n <\/p><\/blockquote>\n<p>                                <script async src=\"https:\/\/platform.twitter.com\/widgets.js\" charset=\"utf-8\"><\/script><\/p>\n","protected":false},"excerpt":{"rendered":"A DAZN anunciou, esta sexta-feira, que ir\u00e1 transmitir os jogos da Liga Portugal em Espanha. O canal j\u00e1&hellip;\n","protected":false},"author":2,"featured_media":478714,"comment_status":"","ping_status":"","sticky":false,"template":"","format":"standard","meta":{"footnotes":"","_share_on_mastodon":"0"},"categories":[87],"tags":[732,135,7823,76568,36,22472,46,32,33,47,134],"class_list":["post-478713","post","type-post","status-publish","format-standard","has-post-thumbnail","category-desporto","tag-dazn","tag-desporto","tag-direitos-televisivos","tag-direitos-tv","tag-liga","tag-liga-portugal","tag-maisfutebol","tag-portugal","tag-pt","tag-pura-paixao","tag-sports"],"share_on_mastodon":{"url":"https:\/\/pubeurope.com\/@pt\/117057025779320752","error":""},"_links":{"self":[{"href":"https:\/\/www.europesays.com\/pt\/wp-json\/wp\/v2\/posts\/478713","targetHints":{"allow":["GET"]}}],"collection":[{"href":"https:\/\/www.europesays.com\/pt\/wp-json\/wp\/v2\/posts"}],"about":[{"href":"https:\/\/www.europesays.com\/pt\/wp-json\/wp\/v2\/types\/post"}],"author":[{"embeddable":true,"href":"https:\/\/www.europesays.com\/pt\/wp-json\/wp\/v2\/users\/2"}],"replies":[{"embeddable":true,"href":"https:\/\/www.europesays.com\/pt\/wp-json\/wp\/v2\/comments?post=478713"}],"version-history":[{"count":0,"href":"https:\/\/www.europesays.com\/pt\/wp-json\/wp\/v2\/posts\/478713\/revisions"}],"wp:featuredmedia":[{"embeddable":true,"href":"https:\/\/www.europesays.com\/pt\/wp-json\/wp\/v2\/media\/478714"}],"wp:attachment":[{"href":"https:\/\/www.europesays.com\/pt\/wp-json\/wp\/v2\/media?parent=478713"}],"wp:term":[{"taxonomy":"category","embeddable":true,"href":"https:\/\/www.europesays.com\/pt\/wp-json\/wp\/v2\/categories?post=478713"},{"taxonomy":"post_tag","embeddable":true,"href":"https:\/\/www.europesays.com\/pt\/wp-json\/wp\/v2\/tags?post=478713"}],"curies":[{"name":"wp","href":"https:\/\/api.w.org\/{rel}","templated":true}]}}