{"id":478809,"date":"2026-08-08T01:59:56","date_gmt":"2026-08-08T01:59:56","guid":{"rendered":"https:\/\/www.europesays.com\/pt\/478809\/"},"modified":"2026-08-08T01:59:56","modified_gmt":"2026-08-08T01:59:56","slug":"excelente-forma-fisica-aos-49-anos-sandra-felgueiras-posa-em-biquini-em-paz-dois-as-10","status":"publish","type":"post","link":"https:\/\/www.europesays.com\/pt\/478809\/","title":{"rendered":"Excelente forma f\u00edsica. Aos 49 anos, Sandra Felgueiras posa em biqu\u00edni: \u00abEm paz\u00bb &#8211; Dois \u00e0s 10"},"content":{"rendered":"<p>                             Sandra Felgueiras continua a aproveitar os dias de descanso e tem partilhado v\u00e1rios momentos das f\u00e9rias com os seguidores nas redes sociais.<\/p>\n<p data-end=\"227\" data-start=\"87\">Esta quarta-feira, 5 de agosto, a jornalista da TVI voltou a encantar os f\u00e3s ao publicar uma fotografia onde surge de biqu\u00edni, dentro de \u00e1gua, enquanto l\u00ea um livro, mostrando um lado sereno e descontra\u00eddo.<\/p>\n<p data-end=\"548\" data-start=\"436\">Na legenda da imagem, a piv\u00f4 do <strong data-end=\"487\" data-start=\"468\">Jornal Nacional<\/strong> revelou o esp\u00edrito com que est\u00e1 a viver estes dias de pausa.\u00a0<strong data-end=\"610\" data-start=\"550\">&#8220;Vivendo devagar. Entre trabalho e leituras. Mas em paz&#8221;<\/strong>, escreveu.<\/p>\n<p data-end=\"904\" data-start=\"623\">A publica\u00e7\u00e3o surge depois de v\u00e1rios registos das f\u00e9rias, durante as quais Sandra Felgueiras tem mostrado momentos de lazer, sempre rodeada pela fam\u00edlia e pelos amigos. Desta vez, a jornalista optou por destacar um instante de calma, conciliando o descanso com o gosto pela leitura.<\/p>\n<blockquote class=\"instagram-media\" data-instgrm-captioned=\"\" data-instgrm-permalink=\"https:\/\/www.instagram.com\/p\/DbqWtEGtjEZ\/?utm_source=ig_embed&amp;utm_campaign=loading\" data-instgrm-version=\"14\" style=\" background:#FFF; border:0; border-radius:3px; box-shadow:0 0 1px 0 rgba(0,0,0,0.5),0 1px 10px 0 rgba(0,0,0,0.15); margin: 1px; max-width:540px; min-width:326px; padding:0; width:99.375%; width:-webkit-calc(100% - 2px); width:calc(100% - 2px);\">\n<\/blockquote>\n<p data-end=\"1075\" data-is-last-node=\"\" data-is-only-node=\"\" data-start=\"906\">A partilha mereceu rapidamente a rea\u00e7\u00e3o dos seguidores, que elogiaram a tranquilidade transmitida pela imagem e desejaram \u00e0 jornalista a continua\u00e7\u00e3o de umas boas f\u00e9rias.<\/p>\n<p>                    <script async src=\"\/\/www.instagram.com\/embed.js\"><\/script><\/p>\n","protected":false},"excerpt":{"rendered":"Sandra Felgueiras continua a aproveitar os dias de descanso e tem partilhado v\u00e1rios momentos das f\u00e9rias com os&hellip;\n","protected":false},"author":2,"featured_media":478810,"comment_status":"","ping_status":"","sticky":false,"template":"","format":"standard","meta":{"footnotes":"","_share_on_mastodon":"0"},"categories":[145],"tags":[211,210,329,166,3412,3406,3409,801,3410,3411,3407,3408,114,115,2718,3413,338,32,33,2524,162],"class_list":["post-478809","post","type-post","status-publish","format-standard","has-post-thumbnail","category-celebridades","tag-celebridades","tag-celebrities","tag-claudio-ramos","tag-cristina-ferreira","tag-dois-10","tag-dois-a-s-10-dois-a-s-10","tag-dois-a-s-dez","tag-dois-as-10","tag-dois-as-dez","tag-dois-dez","tag-doisas10","tag-doisasdez","tag-entertainment","tag-entretenimento","tag-jornalista","tag-manha-tvi","tag-maria-botelho-moniz","tag-portugal","tag-pt","tag-sandra-felgueiras","tag-tvi"],"share_on_mastodon":{"url":"https:\/\/pubeurope.com\/@pt\/117057422985395289","error":""},"_links":{"self":[{"href":"https:\/\/www.europesays.com\/pt\/wp-json\/wp\/v2\/posts\/478809","targetHints":{"allow":["GET"]}}],"collection":[{"href":"https:\/\/www.europesays.com\/pt\/wp-json\/wp\/v2\/posts"}],"about":[{"href":"https:\/\/www.europesays.com\/pt\/wp-json\/wp\/v2\/types\/post"}],"author":[{"embeddable":true,"href":"https:\/\/www.europesays.com\/pt\/wp-json\/wp\/v2\/users\/2"}],"replies":[{"embeddable":true,"href":"https:\/\/www.europesays.com\/pt\/wp-json\/wp\/v2\/comments?post=478809"}],"version-history":[{"count":0,"href":"https:\/\/www.europesays.com\/pt\/wp-json\/wp\/v2\/posts\/478809\/revisions"}],"wp:featuredmedia":[{"embeddable":true,"href":"https:\/\/www.europesays.com\/pt\/wp-json\/wp\/v2\/media\/478810"}],"wp:attachment":[{"href":"https:\/\/www.europesays.com\/pt\/wp-json\/wp\/v2\/media?parent=478809"}],"wp:term":[{"taxonomy":"category","embeddable":true,"href":"https:\/\/www.europesays.com\/pt\/wp-json\/wp\/v2\/categories?post=478809"},{"taxonomy":"post_tag","embeddable":true,"href":"https:\/\/www.europesays.com\/pt\/wp-json\/wp\/v2\/tags?post=478809"}],"curies":[{"name":"wp","href":"https:\/\/api.w.org\/{rel}","templated":true}]}}