{"id":478985,"date":"2026-08-08T07:59:16","date_gmt":"2026-08-08T07:59:16","guid":{"rendered":"https:\/\/www.europesays.com\/pt\/478985\/"},"modified":"2026-08-08T07:59:16","modified_gmt":"2026-08-08T07:59:16","slug":"para-reduzir-o-colesterol-nao-da-fugir-de-dieta-e-treino-08-08-2026-equilibrio","status":"publish","type":"post","link":"https:\/\/www.europesays.com\/pt\/478985\/","title":{"rendered":"Para reduzir o colesterol n\u00e3o d\u00e1 fugir de dieta e treino &#8211; 08\/08\/2026 &#8211; Equil\u00edbrio"},"content":{"rendered":"<p>O<a href=\"https:\/\/www1.folha.uol.com.br\/equilibrioesaude\/2026\/07\/colesterol-alto-e-sempre-culpa-da-alimentacao-entenda-outros-fatores.shtml\" rel=\"nofollow noopener\" target=\"\"> colesterol desregulado<\/a> n\u00e3o faz barulho, n\u00e3o causa dor e pode circular durante anos pelo corpo de forma silenciosa, antes de apresentar suas consequ\u00eancias mais graves. Quando h\u00e1 indica\u00e7\u00e3o m\u00e9dica, os <a href=\"https:\/\/www1.folha.uol.com.br\/equilibrioesaude\/2026\/02\/estatinas-redutor-de-colesterol-e-mais-seguro-do-que-diz-bula.shtml\" rel=\"nofollow noopener\" target=\"\">rem\u00e9dios <\/a>s\u00e3o importantes para reverter o quadro. Mas mudar o estilo de vida \u00e9 o primeiro passo para reduzir os n\u00edveis dessa gordura.<\/p>\n<p>&#8220;O colesterol pode ser tratado com uma combina\u00e7\u00e3o de atitudes, como <a href=\"https:\/\/www1.folha.uol.com.br\/equilibrio\/2025\/08\/cinco-coisas-que-todos-precisam-saber-sobre-perda-de-peso-segundo-uma-especialista-em-nutricao.shtml\" rel=\"nofollow noopener\" target=\"\">controle de peso<\/a> e <a href=\"https:\/\/www1.folha.uol.com.br\/folha-topicos\/atividade-fisica\/\" rel=\"nofollow noopener\" target=\"_blank\">atividade f\u00edsica<\/a>. Esse \u00e9 o pilar do tratamento n\u00e3o medicamentoso&#8221;, diz o cardiologista M\u00e1rcio Miname, membro do departamento de aterosclerose da SBC (Sociedade Brasileira de Cardiologia).<\/p>\n<p>Segundo o m\u00e9dico, mesmo se o uso de f\u00e1rmacos for indicado, a alimenta\u00e7\u00e3o ainda \u00e9 fundamental. &#8220;O indiv\u00edduo tem que seguir uma dieta evitando gordura saturada e gordura trans.&#8221;<\/p>\n<p>Com colesterol alto, a aposentada M\u00e1rcia Regina Spercasechi Dutra, 68, teve um <a href=\"https:\/\/www1.folha.uol.com.br\/equilibrio\/2025\/11\/medo-de-infarto-entenda-quais-sao-os-fatores-de-risco-que-voce-pode-controlar.shtml\" rel=\"nofollow noopener\" target=\"\">infarto <\/a>em 2001. Em 2019, precisou trocar a v\u00e1lvula card\u00edaca e colocar duas pontes de safena.<\/p>\n<p>&#8220;Depois do infarto, a gente nunca volta a ser a mesma. Passei muito mal, fiquei na UTI, em coma. Quem tem esse colesterol, por favor, se cuide, \u00e9 horr\u00edvel. Antes, a gente n\u00e3o imagina o que \u00e9 um infarto, o que \u00e9 uma cirurgia do cora\u00e7\u00e3o&#8221;, conta M\u00e1rcia.<\/p>\n<p><b>Qual \u00e9 o colesterol perigoso?<\/b><\/p>\n<p>O <a href=\"https:\/\/www1.folha.uol.com.br\/equilibrioesaude\/2026\/06\/por-que-reduzir-o-colesterol-ldl-e-decisivo-para-proteger-o-coracao.shtml\" rel=\"nofollow noopener\" target=\"\">colesterol ruim \u00e9 o LDL<\/a>, da sigla em ingl\u00eas Low-Density Lipoprotein (lipoprote\u00edna de baixa densidade). Esse tipo de gordura vem do f\u00edgado para o sistema circulat\u00f3rio e se acumula nas art\u00e9rias, causando aterosclerose, uma doen\u00e7a inflamat\u00f3ria cr\u00f4nica caracterizada pelo ac\u00famulo de placas de gordura, c\u00e1lcio e outras subst\u00e2ncias nas paredes das art\u00e9rias<\/p>\n<p>Essa condi\u00e7\u00e3o provoca infartos, <a href=\"https:\/\/www1.folha.uol.com.br\/equilibrioesaude\/2025\/05\/avc-principal-causa-de-morte-cardiaca-no-brasil-tem-deficiencia-em-prevencao-e-em-atendimento-rapido-no-sus.shtml\" rel=\"nofollow noopener\" target=\"\">acidentes vasculares cerebrais (AVC)<\/a>, obstru\u00e7\u00e3o das art\u00e9rias das pernas e at\u00e9 morte cardiovascular.<\/p>\n<p>No caso de Dutra, o LDL chegou a quase 500 mg\/dL, quando o esperado para ela, que tem propens\u00e3o \u00e0 doen\u00e7a, era uma taxa abaixo de 70 mg\/dL ou 50 mg\/dL. Para quem tem risco baixo, o \u00edndice deve ser inferior a 115 mg\/dL.<\/p>\n<p>Em fun\u00e7\u00e3o do quadro, a aposentada n\u00e3o pode comer frituras, frios ou latic\u00ednios. &#8220;Quase nada. \u00c9 dif\u00edcil fazer o regime, a gente se sente obrigada, mas tem de fazer&#8221;, afirma.<\/p>\n<p>&#8220;\u00c9 importante entender que o colesterol alto geralmente n\u00e3o causa sintomas, mas continua lesionando as art\u00e9rias ao longo dos anos, formando placas de gordura que se calcificam e promovem um aumento do risco cardiovascular&#8221;, diz a endocrinologista Cristina Formiga Bueno, diretora da SBEM-SP (Sociedade Brasileira de Endocrinologia e Metabologia &#8211; Regional S\u00e3o Paulo).<\/p>\n<blockquote class=\"c-quote\">\n<p class=\"c-quote__content\">\u00c9 importante entender que o colesterol alto geralmente n\u00e3o causa sintomas, mas continua lesionando as art\u00e9rias ao longo dos anos, formando placas de gordura que se calcificam e promovem um aumento do risco cardiovascular<\/p>\n<\/blockquote>\n<p><b>N\u00e3o tem como fugir da dieta e da atividade f\u00edsica<\/b><\/p>\n<p>Se o quadro n\u00e3o exige in\u00edcio imediato de medicamento, o tratamento para o colesterol se d\u00e1 apenas pela mudan\u00e7a do estilo de vida, com foco nas escolhas alimentares e no combate ao sedentarismo.<\/p>\n<p>Para melhorar a <a href=\"https:\/\/www1.folha.uol.com.br\/folha-topicos\/alimentacao\/\" rel=\"nofollow noopener\" target=\"_blank\">alimenta\u00e7\u00e3o<\/a>, Bueno recomenda a m\u00e1xima &#8220;abrir menos embalagens e descascar mais.&#8221;<\/p>\n<p>&#8220;A alimenta\u00e7\u00e3o deve ser rica em fibras, como frutas, verduras, legumes e gr\u00e3os integrais. Diminuir o consumo de alimentos ultraprocessados e de gorduras saturadas tamb\u00e9m vai ajudar bastante a reduzir a absor\u00e7\u00e3o do colesterol da dieta&#8221;, destaca Bueno.<\/p>\n<p>De acordo com Miname, o que mais influencia na dieta para combater o colesterol \u00e9 a substitui\u00e7\u00e3o de gorduras saturadas por gorduras insaturadas. &#8220;Trocar a carne vermelha por peixe e \u00f3leos em geral por azeite&#8221;.<\/p>\n<p>Outro pilar importante para reduzir o colesterol \u00e9 a pr\u00e1tica regular de atividade f\u00edsica. &#8220;Pelo menos 150 minutos por semana, objetivando manuten\u00e7\u00e3o ou ganho muscular e perda de peso quando necess\u00e1ria&#8221;, refor\u00e7a o end\u00f3crino.<\/p>\n<p><a href=\"https:\/\/www1.folha.uol.com.br\/equilibrioesaude\/2026\/04\/parar-de-fumar-desacelera-a-perda-cognitiva-mesmo-na-meia-idade.shtml\" rel=\"nofollow noopener\" target=\"\">Parar de fumar<\/a> e controlar comorbidades como <a href=\"https:\/\/www1.folha.uol.com.br\/folha-topicos\/obesidade\/\" rel=\"nofollow noopener\" target=\"_blank\">obesidade<\/a>, <a href=\"https:\/\/www1.folha.uol.com.br\/equilibrioesaude\/2023\/10\/quais-sao-os-sintomas-da-esteatose-hepatica-saiba-como-prevenir.shtml\" rel=\"nofollow noopener\" target=\"\">esteatose hep\u00e1tica<\/a> (gordura no f\u00edgado) e <a href=\"https:\/\/www1.folha.uol.com.br\/equilibrioesaude\/2025\/07\/diabetes-tipo-2-avanca-entre-criancas-e-adolescentes-e-preocupa-medicos.shtml\" rel=\"nofollow noopener\" target=\"\">diabetes <\/a>tamb\u00e9m fazem muita diferen\u00e7a.<\/p>\n<p>&#8220;Em algumas pessoas, essas mudan\u00e7as conseguem reduzir significativamente o colesterol. Podemos tentar essas mudan\u00e7as por tr\u00eas meses e, depois, reavaliar o colesterol para ver se h\u00e1 necessidade de tratamento medicamentoso&#8221;, indica Bueno.<\/p>\n<p><b>Todo mundo precisa de medicamento?<\/b><\/p>\n<p>Alguns quadros, como o de Dutra, exigem que o paciente tome medica\u00e7\u00f5es regulares por toda vida. Isso pode acontecer em pessoas que t\u00eam condi\u00e7\u00f5es raras de ac\u00famulo de LDL ou naquelas em que o corpo tende a mudar a forma de elimina\u00e7\u00e3o natural do colesterol ruim.<\/p>\n<p>&#8220;Quando h\u00e1 indica\u00e7\u00e3o m\u00e9dica, n\u00e3o se deve fugir do tratamento farmacol\u00f3gico, porque isso vai ser uma prote\u00e7\u00e3o. O paciente deve tomar adequadamente, porque o rem\u00e9dio controla o colesterol e vai reduzir risco de infarto, AVC e outros problemas card\u00edacos&#8221;, afirma Miname.<\/p>\n<p>Os grupos de risco com mais chance de precisar de medica\u00e7\u00e3o para tratamento incluem, principalmente, pessoas que j\u00e1 tiveram infarto ou problema card\u00edaco pr\u00e9vio, mas tamb\u00e9m quem tem diabetes, fuma ou faz tratamento cont\u00ednuo para <a href=\"https:\/\/www1.folha.uol.com.br\/equilibrioesaude\/2026\/03\/hipertensao-e-doenca-silenciosa-e-rastreio-e-falho-no-brasil-afirmam-especialistas.shtml\" rel=\"nofollow noopener\" target=\"\">hipertens\u00e3o<\/a>.<\/p>\n<p>Se a carga de placas de gordura detectada pelos exames de sangue for muito alta ou houver predisposi\u00e7\u00e3o gen\u00e9tica, o risco j\u00e1 \u00e9 considerado alto.<\/p>\n<p>&#8220;Quando o m\u00e9dico indica um medicamento, isso significa que o risco de infarto ou AVC \u00e9 alto o suficiente para que os benef\u00edcios superem os riscos. Os rem\u00e9dios n\u00e3o substituem um estilo de vida saud\u00e1vel: eles complementam o tratamento&#8221;, avalia Bueno.<\/p>\n<p><b>Exames peri\u00f3dicos s\u00e3o importantes<\/b><\/p>\n<p>Fazer exames regulares \u00e9 a forma mais segura de detectar o colesterol alto cedo e ter certeza de que o cora\u00e7\u00e3o e as vias circulat\u00f3rias est\u00e3o bem. O empres\u00e1rio Paulo S\u00e9rgio, 56, por exemplo, tem um estilo de vida saud\u00e1vel, mas foi pego de surpresa quando sofreu um infarto em 2019.<\/p>\n<p>&#8220;Apesar de n\u00e3o fazer uso de cigarro ou de bebida alco\u00f3lica, e ter uma dieta relativamente controlada, meu organismo estava produzindo colesterol ruim. E era uma fase que eu estava sem os meus checkups, n\u00e3o sabia dessa minha condi\u00e7\u00e3o gen\u00e9tica&#8221;, lembra S\u00e9rgio.<\/p>\n<p>Ele ainda precisa de medicamentos para manter n\u00edveis satisfat\u00f3rios de colesterol, mas, depois do susto, aumentou a rotina de muscula\u00e7\u00e3o e buscou melhorar ainda mais a dieta, dando prefer\u00eancia a carnes brancas e redu\u00e7\u00e3o de carboidratos.<\/p>\n<p>&#8220;Tamb\u00e9m fa\u00e7o acompanhamento com a minha cardiologista. Desde a minha cirurgia tenho uma vida normal e sem restri\u00e7\u00f5es, mas passei por um risco de morte que poderia ter sido evitado com a realiza\u00e7\u00e3o de alguns exames laboratoriais simples&#8221;, destaca.<\/p>\n<p>    Cuide-se<\/p>\n<p class=\"c-newsletter__subtitle\">Ci\u00eancia, h\u00e1bitos e preven\u00e7\u00e3o numa newsletter para a sua sa\u00fade e bem-estar<\/p>\n","protected":false},"excerpt":{"rendered":"O colesterol desregulado n\u00e3o faz barulho, n\u00e3o causa dor e pode circular durante anos pelo corpo de forma&hellip;\n","protected":false},"author":2,"featured_media":478986,"comment_status":"","ping_status":"","sticky":false,"template":"","format":"standard","meta":{"footnotes":"","_share_on_mastodon":"0"},"categories":[86],"tags":[2369,547,1468,1024,1031,6642,7446,4533,1618,1029,1616,236,1023,116,1208,1022,32,33,117,1030],"class_list":["post-478985","post","type-post","status-publish","format-standard","has-post-thumbnail","category-saude","tag-alimentacao","tag-alimentacao-saudavel","tag-alimentos","tag-atividade-fisica","tag-autocuidado","tag-colesterol","tag-colesterol-alto","tag-comida","tag-coracao","tag-cuide-se","tag-exercicio-fisico","tag-folha","tag-gordura","tag-health","tag-medicina","tag-obesidade","tag-portugal","tag-pt","tag-saude","tag-saude-mental"],"share_on_mastodon":{"url":"https:\/\/pubeurope.com\/@pt\/117058834703984184","error":""},"_links":{"self":[{"href":"https:\/\/www.europesays.com\/pt\/wp-json\/wp\/v2\/posts\/478985","targetHints":{"allow":["GET"]}}],"collection":[{"href":"https:\/\/www.europesays.com\/pt\/wp-json\/wp\/v2\/posts"}],"about":[{"href":"https:\/\/www.europesays.com\/pt\/wp-json\/wp\/v2\/types\/post"}],"author":[{"embeddable":true,"href":"https:\/\/www.europesays.com\/pt\/wp-json\/wp\/v2\/users\/2"}],"replies":[{"embeddable":true,"href":"https:\/\/www.europesays.com\/pt\/wp-json\/wp\/v2\/comments?post=478985"}],"version-history":[{"count":0,"href":"https:\/\/www.europesays.com\/pt\/wp-json\/wp\/v2\/posts\/478985\/revisions"}],"wp:featuredmedia":[{"embeddable":true,"href":"https:\/\/www.europesays.com\/pt\/wp-json\/wp\/v2\/media\/478986"}],"wp:attachment":[{"href":"https:\/\/www.europesays.com\/pt\/wp-json\/wp\/v2\/media?parent=478985"}],"wp:term":[{"taxonomy":"category","embeddable":true,"href":"https:\/\/www.europesays.com\/pt\/wp-json\/wp\/v2\/categories?post=478985"},{"taxonomy":"post_tag","embeddable":true,"href":"https:\/\/www.europesays.com\/pt\/wp-json\/wp\/v2\/tags?post=478985"}],"curies":[{"name":"wp","href":"https:\/\/api.w.org\/{rel}","templated":true}]}}