{"id":47903,"date":"2025-08-27T21:53:12","date_gmt":"2025-08-27T21:53:12","guid":{"rendered":"https:\/\/www.europesays.com\/pt\/47903\/"},"modified":"2025-08-27T21:53:12","modified_gmt":"2025-08-27T21:53:12","slug":"porsche-cancela-projeto-de-producao-de-baterias-devido-a-fraca-procura","status":"publish","type":"post","link":"https:\/\/www.europesays.com\/pt\/47903\/","title":{"rendered":"Porsche cancela projeto de produ\u00e7\u00e3o de baterias devido a fraca procura"},"content":{"rendered":"<p>\n\tA Porsche colocou um ponto final nos planos de produzir c\u00e9lulas de bateria de alta performance na Cellforce, na Alemanha.\n<\/p>\n<p>A <a href=\"https:\/\/www.razaoautomovel.com\/etiqueta\/porsche\" rel=\"nofollow noopener\" target=\"_blank\"><strong>Porsche<\/strong><\/a> vai mudar o rumo das suas instala\u00e7\u00f5es da Cellforce, em Kirchentellinsfurt, na Alemanha. <strong>O projeto que previa a produ\u00e7\u00e3o de baterias de alta performance na Europa foi cancelado, <\/strong>com esta unidade fabril a dedicar-se exclusivamente \u00e0 investiga\u00e7\u00e3o e desenvolvimento (I&amp;D).<\/p>\n<p>\u201cDevido a condi\u00e7\u00f5es desafiantes, particularmente nos nossos principais mercados, e no ainda pouco desenvolvido segmento de luxo el\u00e9trico da China, estamos a reorganizar as nossas atividades na \u00e1rea das baterias\u201d, disse Oliver Blume, diretor-executivo da marca, em <a href=\"https:\/\/newsroom.porsche.com\/en\/2025\/company\/porsche-cellforce-group-focusing-battery-activities-40344.html\" target=\"_blank\" rel=\"noreferrer noopener nofollow\">comunicado<\/a>.<\/p>\n<p>A fraca procura e a aus\u00eancia de economias de escala inviabilizaram o plano.<\/p>\n<p><img loading=\"lazy\" decoding=\"async\" width=\"2048\" height=\"1366\" src=\"data:image\/svg+xml,%3Csvg%20xmlns=\" http:=\"\" alt=\"Porsche Taycan Sport Turismo GTS - 3\/4 de frente\" class=\"wp-image-813576\" data-lazy- data-lazy- data-lazy-src=\"https:\/\/www.europesays.com\/pt\/wp-content\/uploads\/2025\/08\/Porsche-Taycan-Sport-Turismo-GTS-01.webp.webp\"\/>\u00a9 Porsche (Porsche Taycan) Atualmente, a quota de el\u00e9tricos da Porsche a n\u00edvel global \u00e9 de 36%.<\/p>\n<p>A ideia inicial da Porsche era que a f\u00e1brica em Kirchentellinsfurt, constru\u00edda em 2022, funcionasse como uma \u201cstart-up\u201d de pequena escala, com uma capacidade de produ\u00e7\u00e3o de cerca de 1 GWh \u2014 que mais tarde seria expandida numa segunda localiza\u00e7\u00e3o.<\/p>\n<p>Mas, como reconheceu Michael Steiner, respons\u00e1vel de I&amp;D da Porsche<strong>, esse plano, \u201cna perspetiva de hoje em dia, n\u00e3o \u00e9 realista\u201d<\/strong>: \u201cO Grupo Cellforce foi bem-sucedido no desenvolvimento de c\u00e9lulas de alta performance e na produ\u00e7\u00e3o piloto, mas n\u00e3o \u00e9 poss\u00edvel passar para a produ\u00e7\u00e3o em massa\u201d.<\/p>\n<p>Descubra o seu pr\u00f3ximo autom\u00f3vel:<\/p>\n<p>Futuro incerto?<\/p>\n<p>Apesar do recuo, a Porsche garante que continuar\u00e1 a investir em baterias de alta performance, tanto na Cellforce (como centro de I&amp;D independente) como na V4Smart, adquirida \u00e0 VARTA. Esta estrat\u00e9gia assegura tecnologia pr\u00f3pria para os futuros desportivos da marca e at\u00e9 para outros modelos do Grupo Volkswagen.<\/p>\n<p>\u201cA mobilidade el\u00e9trica continua a ser uma tecnologia de condu\u00e7\u00e3o essencial para os nossos carros desportivos do futuro\u201d, afirmou Blume.<\/p>\n<p>Ao todo, espera-se que dos cerca de 300 postos de trabalho existentes, 200 venham a ser cortados, segundo informa\u00e7\u00f5es avan\u00e7adas por uma fonte da marca \u00e0 <a href=\"https:\/\/www.reuters.com\/business\/autos-transportation\/porsche-scraps-battery-production-plans-cellforce-unit-2025-08-25\/\" target=\"_blank\" rel=\"noreferrer noopener nofollow\">Reuters<\/a>. <\/p>\n<p>A marca assegura, no entanto, que o processo ser\u00e1 feito \u201cde forma socialmente respons\u00e1vel\u201d e que a PowerCo, centro de produ\u00e7\u00e3o e desenvolvimento de baterias do Grupo VW, se disponibilizou para oferecer oportunidades a parte dos colaboradores da Cellforce.<\/p>\n<p>\t\t\tSabe esta resposta?<br \/>\n\t\t\tEm que data foi inaugurada a pista de testes de Nard\u00f2?<\/p>\n<p>\n\t\t\t\t\t\t\t\t\t\t\t1 de julho de 1975<br \/>\n\t\t\t\t\t\t\t\t\t\t\t1 de julho de 1965<br \/>\n\t\t\t\t\t\t\t\t\t\t\t1 de julho de 1955\n\t\t\t\t\t\t\t\t\t<\/p>\n","protected":false},"excerpt":{"rendered":"A Porsche colocou um ponto final nos planos de produzir c\u00e9lulas de bateria de alta performance na Cellforce,&hellip;\n","protected":false},"author":2,"featured_media":47904,"comment_status":"","ping_status":"","sticky":false,"template":"","format":"standard","meta":{"footnotes":""},"categories":[83],"tags":[307,88,89,428,90,295,4311,32,33],"class_list":{"0":"post-47903","1":"post","2":"type-post","3":"status-publish","4":"format-standard","5":"has-post-thumbnail","7":"category-empresas","8":"tag-baterias","9":"tag-business","10":"tag-economy","11":"tag-eletricos","12":"tag-empresas","13":"tag-industria","14":"tag-porsche","15":"tag-portugal","16":"tag-pt"},"share_on_mastodon":{"url":"","error":""},"_links":{"self":[{"href":"https:\/\/www.europesays.com\/pt\/wp-json\/wp\/v2\/posts\/47903","targetHints":{"allow":["GET"]}}],"collection":[{"href":"https:\/\/www.europesays.com\/pt\/wp-json\/wp\/v2\/posts"}],"about":[{"href":"https:\/\/www.europesays.com\/pt\/wp-json\/wp\/v2\/types\/post"}],"author":[{"embeddable":true,"href":"https:\/\/www.europesays.com\/pt\/wp-json\/wp\/v2\/users\/2"}],"replies":[{"embeddable":true,"href":"https:\/\/www.europesays.com\/pt\/wp-json\/wp\/v2\/comments?post=47903"}],"version-history":[{"count":0,"href":"https:\/\/www.europesays.com\/pt\/wp-json\/wp\/v2\/posts\/47903\/revisions"}],"wp:featuredmedia":[{"embeddable":true,"href":"https:\/\/www.europesays.com\/pt\/wp-json\/wp\/v2\/media\/47904"}],"wp:attachment":[{"href":"https:\/\/www.europesays.com\/pt\/wp-json\/wp\/v2\/media?parent=47903"}],"wp:term":[{"taxonomy":"category","embeddable":true,"href":"https:\/\/www.europesays.com\/pt\/wp-json\/wp\/v2\/categories?post=47903"},{"taxonomy":"post_tag","embeddable":true,"href":"https:\/\/www.europesays.com\/pt\/wp-json\/wp\/v2\/tags?post=47903"}],"curies":[{"name":"wp","href":"https:\/\/api.w.org\/{rel}","templated":true}]}}