{"id":47905,"date":"2025-08-27T21:54:17","date_gmt":"2025-08-27T21:54:17","guid":{"rendered":"https:\/\/www.europesays.com\/pt\/47905\/"},"modified":"2025-08-27T21:54:17","modified_gmt":"2025-08-27T21:54:17","slug":"mais-de-metade-dos-trabalhadores-nao-conseguiu-emprego-atraves-de-sites-especializados-redes-sociais-ou-de-empresas-de-recrutamento-ha-outra-forma-mais-eficaz","status":"publish","type":"post","link":"https:\/\/www.europesays.com\/pt\/47905\/","title":{"rendered":"Mais de metade dos trabalhadores n\u00e3o conseguiu emprego atrav\u00e9s de sites especializados, redes sociais ou de empresas de recrutamento. H\u00e1 outra forma mais eficaz"},"content":{"rendered":"\n<p>Mais de metade dos trabalhadores n\u00e3o conseguiu emprego atrav\u00e9s de sites especializados, redes sociais ou de empresas de recrutamento. H\u00e1 outra forma mais eficaz \u2013 Human Resources<\/p>\n<ul class=\"bf-breadcrumb-items\" itemscope=\"\" itemtype=\"http:\/\/schema.org\/BreadcrumbList\">\n<li itemprop=\"itemListElement\" itemscope=\"\" itemtype=\"http:\/\/schema.org\/ListItem\" class=\"bf-breadcrumb-item bf-breadcrumb-begin\"><a itemprop=\"item\" href=\"https:\/\/hrportugal.sapo.pt\" rel=\"home nofollow noopener\" target=\"_blank\">Home<\/a><\/li>\n<li itemprop=\"itemListElement\" itemscope=\"\" itemtype=\"http:\/\/schema.org\/ListItem\" class=\"bf-breadcrumb-item\"><a itemprop=\"item\" href=\"https:\/\/hrportugal.sapo.pt\/categoria\/noticias\/\" rel=\"nofollow noopener\" target=\"_blank\">Not\u00edcias<\/a><\/li>\n<li itemprop=\"itemListElement\" itemscope=\"\" itemtype=\"http:\/\/schema.org\/ListItem\" class=\"bf-breadcrumb-item\"><a itemprop=\"item\" href=\"https:\/\/hrportugal.sapo.pt\/categoria\/noticias\/estudos\/\" rel=\"nofollow noopener\" target=\"_blank\">Estudos<\/a><\/li>\n<li itemprop=\"itemListElement\" itemscope=\"\" itemtype=\"http:\/\/schema.org\/ListItem\" class=\"bf-breadcrumb-item bf-breadcrumb-end\">Mais de metade dos trabalhadores n\u00e3o conseguiu emprego atrav\u00e9s de sites especializados, redes sociais ou de empresas de recrutamento. H\u00e1 outra forma mais eficaz<\/li>\n<\/ul>\n","protected":false},"excerpt":{"rendered":"Mais de metade dos trabalhadores n\u00e3o conseguiu emprego atrav\u00e9s de sites especializados, redes sociais ou de empresas de&hellip;\n","protected":false},"author":2,"featured_media":47906,"comment_status":"","ping_status":"","sticky":false,"template":"","format":"standard","meta":{"footnotes":""},"categories":[50],"tags":[27,28,14257,15,16,14,14258,82,25,26,21,22,62,14259,14260,12,13,19,20,23,24,17,18,29,30,31,63,64,65],"class_list":{"0":"post-47905","1":"post","2":"type-post","3":"status-publish","4":"format-standard","5":"has-post-thumbnail","7":"category-mundo","8":"tag-breaking-news","9":"tag-breakingnews","10":"tag-contactos","11":"tag-featured-news","12":"tag-featurednews","13":"tag-headlines","14":"tag-hr-dive","15":"tag-internacional","16":"tag-latest-news","17":"tag-latestnews","18":"tag-main-news","19":"tag-mainnews","20":"tag-mundo","21":"tag-myperfectresume","22":"tag-networking","23":"tag-news","24":"tag-noticias","25":"tag-noticias-principais","26":"tag-noticiasprincipais","27":"tag-principais-noticias","28":"tag-principaisnoticias","29":"tag-top-stories","30":"tag-topstories","31":"tag-ultimas","32":"tag-ultimas-noticias","33":"tag-ultimasnoticias","34":"tag-world","35":"tag-world-news","36":"tag-worldnews"},"share_on_mastodon":{"url":"","error":""},"_links":{"self":[{"href":"https:\/\/www.europesays.com\/pt\/wp-json\/wp\/v2\/posts\/47905","targetHints":{"allow":["GET"]}}],"collection":[{"href":"https:\/\/www.europesays.com\/pt\/wp-json\/wp\/v2\/posts"}],"about":[{"href":"https:\/\/www.europesays.com\/pt\/wp-json\/wp\/v2\/types\/post"}],"author":[{"embeddable":true,"href":"https:\/\/www.europesays.com\/pt\/wp-json\/wp\/v2\/users\/2"}],"replies":[{"embeddable":true,"href":"https:\/\/www.europesays.com\/pt\/wp-json\/wp\/v2\/comments?post=47905"}],"version-history":[{"count":0,"href":"https:\/\/www.europesays.com\/pt\/wp-json\/wp\/v2\/posts\/47905\/revisions"}],"wp:featuredmedia":[{"embeddable":true,"href":"https:\/\/www.europesays.com\/pt\/wp-json\/wp\/v2\/media\/47906"}],"wp:attachment":[{"href":"https:\/\/www.europesays.com\/pt\/wp-json\/wp\/v2\/media?parent=47905"}],"wp:term":[{"taxonomy":"category","embeddable":true,"href":"https:\/\/www.europesays.com\/pt\/wp-json\/wp\/v2\/categories?post=47905"},{"taxonomy":"post_tag","embeddable":true,"href":"https:\/\/www.europesays.com\/pt\/wp-json\/wp\/v2\/tags?post=47905"}],"curies":[{"name":"wp","href":"https:\/\/api.w.org\/{rel}","templated":true}]}}