{"id":479141,"date":"2026-08-08T11:04:19","date_gmt":"2026-08-08T11:04:19","guid":{"rendered":"https:\/\/www.europesays.com\/pt\/479141\/"},"modified":"2026-08-08T11:04:19","modified_gmt":"2026-08-08T11:04:19","slug":"desejo-em-manhattan-e-leandro-hassum-o-que-ver-na-tv-e-streaming-sabado-folha-uol-com-br","status":"publish","type":"post","link":"https:\/\/www.europesays.com\/pt\/479141\/","title":{"rendered":"&#039;Desejo em Manhattan&#039; e Leandro Hassum: o que ver na TV e streaming s\u00e1bado &#8211; folha.uol.com.br"},"content":{"rendered":"<ol>\n<li><a href=\"https:\/\/news.google.com\/rss\/articles\/CBMiwwFBVV95cUxNb0JMZHYwSE9rb3JEcVNKczlLLXNwSHlpWGVGSGF0Q1F2eWNLcVR0UU5tUGdmNmxlSHZXU2swenV1OGdCYm9qUHRRZGktWTlPUlRIX0h3VHROUkhyajJ3WTlaZFRpeXdmcXBGemY1NHZhbWF2YUc5Smh5LVhtOFQyaVRFV2J2LXp4bmxYVW41NWRtMVp6bTd6aEMzNGd5dUpSN3kwblN0UllDalhabjZzQkJhcXJCc1dIX0I2NjhDSUplZXc?oc=5\" target=\"_blank\" rel=\"nofollow noopener\">&#8216;Desejo em Manhattan&#8217; e Leandro Hassum: o que ver na TV e streaming s\u00e1bado<\/a>&nbsp;&nbsp;folha.uol.com.br<\/li>\n<li><a href=\"https:\/\/news.google.com\/rss\/articles\/CBMiZ0FVX3lxTFB4dmhielNUUXpPclFHZks1NVpyZS1MRmZkNFBiUW9oZXZ2RTMyZWYtbWx5WHRmcHVKV1RTRkMtUi00SFVaeW84Mzh3MEpzbzR6eFIwOEVOSTJTQlRJUkxISnBILXU2cFE?oc=5\" target=\"_blank\" rel=\"nofollow noopener\">Desejo em Manhattan (2025)<\/a>&nbsp;&nbsp;Meio Amargo<\/li>\n<li><a href=\"https:\/\/news.google.com\/rss\/articles\/CBMitAFBVV95cUxORFJpNnNBcXY5bWprdTl3YXZ0UTlhRks4ZElwd0o4R1FiNVNaR2wzWGV3bkFMZ20xc2pUZFRsdlF3N0lWNVk4M0ZxZnNZTDNTb3BqS19JT05PVmZVR3pnUFZTZE5yQTB0MGdqUE9ycG4tVlg2ZERNSXNmMy04eVYtcHJZLUNGdVRGRG5XTnY1Nk5IYS1ZcnZKc2ZQaEpzckRiMndMdjFSMFhFNzBuQWZfanRSbTE?oc=5\" target=\"_blank\" rel=\"nofollow noopener\">Cr\u00edtica | Desejo em Manhattan falha ao misturar cr\u00edtica social com realismo fant\u00e1stico<\/a>&nbsp;&nbsp;nosbastidores.com.br<\/li>\n<li><a href=\"https:\/\/news.google.com\/rss\/articles\/CBMiiAFBVV95cUxPRVdKaHpZQnhvdnJVWkR5WG1GX3BrdjNuakJFVnc4djhDRUw4N1N5WmZWSE5GOHVtbGZvbDNDc2pPZU9ZYXRRdVVVbm1tRDBpOXdjbFlyZTFjdXNMX25Dek5SQWZUOG1sTnJjek1CQm03UWhiV0pTUjdsX1ZrT19Idk9QOVh3Z1kt?oc=5\" target=\"_blank\" rel=\"nofollow noopener\">&#8220;Desejo em Manhattan&#8221; transforma crise conjugal em trama cheia de reviravoltas<\/a>&nbsp;&nbsp;Agora RS<\/li>\n<\/ol>\n","protected":false},"excerpt":{"rendered":"&#8216;Desejo em Manhattan&#8217; e Leandro Hassum: o que ver na TV e streaming s\u00e1bado&nbsp;&nbsp;folha.uol.com.br Desejo em Manhattan (2025)&nbsp;&nbsp;Meio&hellip;\n","protected":false},"author":2,"featured_media":479142,"comment_status":"","ping_status":"","sticky":false,"template":"","format":"standard","meta":{"footnotes":"","_share_on_mastodon":"0"},"categories":[142],"tags":[1439,470,767,15762,1579,114,115,236,2595,222,14513,716,32,33,17685,941,940,6463,151,600],"class_list":["post-479141","post","type-post","status-publish","format-standard","has-post-thumbnail","category-tv","tag-arnold-schwarzenegger","tag-cinema","tag-comedia","tag-comediantes-brasileiros","tag-disney","tag-entertainment","tag-entretenimento","tag-folha","tag-hollywood","tag-humor","tag-leandro-hassum","tag-netflix","tag-portugal","tag-pt","tag-samuel-l-jackson","tag-series","tag-streaming","tag-tony-ramos","tag-tv","tag-veja-video"],"share_on_mastodon":{"url":"https:\/\/pubeurope.com\/@pt\/117059562165923479","error":""},"_links":{"self":[{"href":"https:\/\/www.europesays.com\/pt\/wp-json\/wp\/v2\/posts\/479141","targetHints":{"allow":["GET"]}}],"collection":[{"href":"https:\/\/www.europesays.com\/pt\/wp-json\/wp\/v2\/posts"}],"about":[{"href":"https:\/\/www.europesays.com\/pt\/wp-json\/wp\/v2\/types\/post"}],"author":[{"embeddable":true,"href":"https:\/\/www.europesays.com\/pt\/wp-json\/wp\/v2\/users\/2"}],"replies":[{"embeddable":true,"href":"https:\/\/www.europesays.com\/pt\/wp-json\/wp\/v2\/comments?post=479141"}],"version-history":[{"count":0,"href":"https:\/\/www.europesays.com\/pt\/wp-json\/wp\/v2\/posts\/479141\/revisions"}],"wp:featuredmedia":[{"embeddable":true,"href":"https:\/\/www.europesays.com\/pt\/wp-json\/wp\/v2\/media\/479142"}],"wp:attachment":[{"href":"https:\/\/www.europesays.com\/pt\/wp-json\/wp\/v2\/media?parent=479141"}],"wp:term":[{"taxonomy":"category","embeddable":true,"href":"https:\/\/www.europesays.com\/pt\/wp-json\/wp\/v2\/categories?post=479141"},{"taxonomy":"post_tag","embeddable":true,"href":"https:\/\/www.europesays.com\/pt\/wp-json\/wp\/v2\/tags?post=479141"}],"curies":[{"name":"wp","href":"https:\/\/api.w.org\/{rel}","templated":true}]}}