{"id":479203,"date":"2026-08-08T12:22:11","date_gmt":"2026-08-08T12:22:11","guid":{"rendered":"https:\/\/www.europesays.com\/pt\/479203\/"},"modified":"2026-08-08T12:22:11","modified_gmt":"2026-08-08T12:22:11","slug":"lateral-esquerdo-equatoriano-na-mira-do-sporting","status":"publish","type":"post","link":"https:\/\/www.europesays.com\/pt\/479203\/","title":{"rendered":"Lateral-esquerdo equatoriano na mira do Sporting"},"content":{"rendered":"<p>O Sporting est\u00e1 no mercado atr\u00e1s de um novo lateral-esquerdo e, sabe o <strong>Maisfutebol<\/strong>, avalia positivamente o equatoriano Yaimar Medina, do Genk.<\/p>\n<p>Neste momento, o clube belga quer entre 10 e 12 milh\u00f5es de euros para negociar o esquerdino, que tamb\u00e9m conta com outros interessados na Europa.<\/p>\n<p>Medina esteve na \u00faltima edi\u00e7\u00e3o do Campeonato do Mundo com a sele\u00e7\u00e3o do Equador, tendo feito apenas um jogo (participou na derrota 2-0 frente ao M\u00e9xico na primeira fase eliminat\u00f3ria).<\/p>\n<p>Nas \u00faltimas semanas, os le\u00f5es estiveram de olho em outras alternativas mais \u00abvi\u00e1veis\u00bb do ponto de vista financeiro, como o espanhol Javi V\u00e1zquez. Entretanto, n\u00e3o houve at\u00e9 agora avan\u00e7os pelo jogador do Torreense.<\/p>\n<p>Aos 21 anos, Yaimar Medina est\u00e1 no Genk h\u00e1 duas temporadas. No pa\u00eds de origem, foi formado e ganhou destaque no Independiente del Valle.<\/p>\n<p><strong>LEIA MAIS:\u00a0<a href=\"https:\/\/maisfutebol.iol.pt\/cronologia\/6373897a0cf2254fb2824fe4\" target=\"_blank\" wbo-id=\"182\" rel=\"nofollow noopener\">tudo sobre o mercado de transfer\u00eancias<\/a><\/strong><\/p>\n","protected":false},"excerpt":{"rendered":"O Sporting est\u00e1 no mercado atr\u00e1s de um novo lateral-esquerdo e, sabe o Maisfutebol, avalia positivamente o equatoriano&hellip;\n","protected":false},"author":2,"featured_media":479204,"comment_status":"","ping_status":"","sticky":false,"template":"","format":"standard","meta":{"footnotes":"","_share_on_mastodon":"0"},"categories":[87],"tags":[135,5425,46,40,42,41,728,32,33,47,34,134,35,76673],"class_list":["post-479203","post","type-post","status-publish","format-standard","has-post-thumbnail","category-desporto","tag-desporto","tag-genk","tag-maisfutebol","tag-maistransferencias","tag-mercado","tag-mercado-de-transferencias","tag-mercado-sporting","tag-portugal","tag-pt","tag-pura-paixao","tag-sporting","tag-sports","tag-transferencias","tag-yaimar-medina"],"share_on_mastodon":{"url":"https:\/\/pubeurope.com\/@pt\/117059869347400866","error":""},"_links":{"self":[{"href":"https:\/\/www.europesays.com\/pt\/wp-json\/wp\/v2\/posts\/479203","targetHints":{"allow":["GET"]}}],"collection":[{"href":"https:\/\/www.europesays.com\/pt\/wp-json\/wp\/v2\/posts"}],"about":[{"href":"https:\/\/www.europesays.com\/pt\/wp-json\/wp\/v2\/types\/post"}],"author":[{"embeddable":true,"href":"https:\/\/www.europesays.com\/pt\/wp-json\/wp\/v2\/users\/2"}],"replies":[{"embeddable":true,"href":"https:\/\/www.europesays.com\/pt\/wp-json\/wp\/v2\/comments?post=479203"}],"version-history":[{"count":0,"href":"https:\/\/www.europesays.com\/pt\/wp-json\/wp\/v2\/posts\/479203\/revisions"}],"wp:featuredmedia":[{"embeddable":true,"href":"https:\/\/www.europesays.com\/pt\/wp-json\/wp\/v2\/media\/479204"}],"wp:attachment":[{"href":"https:\/\/www.europesays.com\/pt\/wp-json\/wp\/v2\/media?parent=479203"}],"wp:term":[{"taxonomy":"category","embeddable":true,"href":"https:\/\/www.europesays.com\/pt\/wp-json\/wp\/v2\/categories?post=479203"},{"taxonomy":"post_tag","embeddable":true,"href":"https:\/\/www.europesays.com\/pt\/wp-json\/wp\/v2\/tags?post=479203"}],"curies":[{"name":"wp","href":"https:\/\/api.w.org\/{rel}","templated":true}]}}