{"id":47921,"date":"2025-08-27T22:14:15","date_gmt":"2025-08-27T22:14:15","guid":{"rendered":"https:\/\/www.europesays.com\/pt\/47921\/"},"modified":"2025-08-27T22:14:15","modified_gmt":"2025-08-27T22:14:15","slug":"nova-comedia-de-rachel-sennott-para-a-hbo-ganha-titulo-imagens-e-data-de-estreia","status":"publish","type":"post","link":"https:\/\/www.europesays.com\/pt\/47921\/","title":{"rendered":"Nova COM\u00c9DIA de Rachel Sennott para a HBO ganha t\u00edtulo, imagens e data de estreia!"},"content":{"rendered":"<p>A\u00a0<strong>HBO<\/strong> revelou o t\u00edtulo e a data de estreia oficiais da nova s\u00e9rie de com\u00e9dia de <strong>Rachel Sennott\u00a0<\/strong>(via\u00a0<a href=\"https:\/\/deadline.com\/2025\/08\/rachel-sennott-hbo-comedy-release-date-i-love-la-first-look-1236497799\/\" rel=\"nofollow noopener\" target=\"_blank\">Deadline<\/a>).<\/p>\n<p>Intitulada\u00a0<strong>\u2018I Love LA\u2019<\/strong>, a produ\u00e7\u00e3o ser\u00e1 lan\u00e7ada na emissora e na plataforma da\u00a0<strong>HBO Max<\/strong> no dia\u00a0<strong>2 de novembro<\/strong>.<\/p>\n<p>Criada, produzida e estrelada por Sennott, a trama \u00e9 centrada em um grupo de amigos ambiciosos que navegam pelas atribula\u00e7\u00f5es da vida e do amor em Los Angeles.<\/p>\n<p>A primeira temporada contar\u00e1 com\u00a0<strong>oito epis\u00f3dios<\/strong> sendo exibidos em car\u00e1ter semanal at\u00e9 o dia\u00a0<strong>21 de dezembro<\/strong>.<\/p>\n<p>As boas novas vieram acompanhadas das primeiras imagens promocionais, que voc\u00ea confere abaixo:<\/p>\n<p><img fetchpriority=\"high\" decoding=\"async\" class=\"alignnone size-full wp-image-689297\" src=\"https:\/\/www.europesays.com\/pt\/wp-content\/uploads\/2025\/08\/i-love-la-6.jpg\" alt=\"\" width=\"800\" height=\"533\"  \/> <img loading=\"lazy\" decoding=\"async\" class=\"alignnone size-full wp-image-689298\" src=\"https:\/\/www.europesays.com\/pt\/wp-content\/uploads\/2025\/08\/i-love-la-5.jpg\" alt=\"\" width=\"800\" height=\"533\"  \/> <img loading=\"lazy\" decoding=\"async\" class=\"alignnone size-full wp-image-689299\" src=\"https:\/\/www.europesays.com\/pt\/wp-content\/uploads\/2025\/08\/i-love-la-4.jpg\" alt=\"\" width=\"800\" height=\"534\"  \/> <img loading=\"lazy\" decoding=\"async\" class=\"alignnone size-full wp-image-689300\" src=\"https:\/\/www.europesays.com\/pt\/wp-content\/uploads\/2025\/08\/i-love-la-3.jpg\" alt=\"\" width=\"800\" height=\"533\"  \/> <img loading=\"lazy\" decoding=\"async\" class=\"alignnone size-full wp-image-689302\" src=\"https:\/\/www.europesays.com\/pt\/wp-content\/uploads\/2025\/08\/i-love-la-1.jpg\" alt=\"\" width=\"800\" height=\"533\"  \/> <img loading=\"lazy\" decoding=\"async\" class=\"alignnone size-full wp-image-689303\" src=\"https:\/\/www.europesays.com\/pt\/wp-content\/uploads\/2025\/08\/rachel-sennott-1.jpg\" alt=\"\" width=\"681\" height=\"383\"  \/><\/p>\n<p>A s\u00e9rie \u00e9 coestrelada por <strong>Jordan Firstman<\/strong> como Charlie,\u00a0<strong>Josh Hutcherson<\/strong> como Dylan,\u00a0<strong>Odessa A\u2019zion<\/strong> como Tallulah e\u00a0<strong>True Whitaker<\/strong> como Alani.<\/p>\n<p><strong>Leighton Meester, Moses Ingram, Lauren Holt, Elijah Wood, Quenlin Blackwell, Josh Brener, Tim Baltz, Froy Gutierrez <\/strong>e <strong>Colin Woodell<\/strong> completam o elenco.<\/p>\n<p>Sennott,\u00a0<strong>Lorene Scafaria<\/strong>,\u00a0<strong>Bill Benz<\/strong> e\u00a0<strong>Kevin Bray<\/strong> integram o time de diretores.<\/p>\n","protected":false},"excerpt":{"rendered":"A\u00a0HBO revelou o t\u00edtulo e a data de estreia oficiais da nova s\u00e9rie de com\u00e9dia de Rachel Sennott\u00a0(via\u00a0Deadline).&hellip;\n","protected":false},"author":2,"featured_media":47922,"comment_status":"","ping_status":"","sticky":false,"template":"","format":"standard","meta":{"footnotes":""},"categories":[142],"tags":[14261,14262,14263,114,115,14264,1626,1583,14265,14266,14267,5031,14268,14269,14270,14271,14272,14273,32,33,14274,14275,14276,14277,151],"class_list":{"0":"post-47921","1":"post","2":"type-post","3":"status-publish","4":"format-standard","5":"has-post-thumbnail","7":"category-tv","8":"tag-bill-benz","9":"tag-colin-woodell","10":"tag-elijah-wood","11":"tag-entertainment","12":"tag-entretenimento","13":"tag-froy-gutierrez","14":"tag-hbo","15":"tag-hbo-max","16":"tag-i-love-la","17":"tag-jordan-firstman","18":"tag-josh-brener","19":"tag-josh-hutcherson","20":"tag-kevin-bray","21":"tag-lauren-holt","22":"tag-leighton-meester","23":"tag-lorene-scafaria","24":"tag-moses-ingram","25":"tag-odessa-azion","26":"tag-portugal","27":"tag-pt","28":"tag-quenlin-blackwell","29":"tag-rachel-sennott","30":"tag-tim-baltz","31":"tag-true-whitaker","32":"tag-tv"},"share_on_mastodon":{"url":"","error":""},"_links":{"self":[{"href":"https:\/\/www.europesays.com\/pt\/wp-json\/wp\/v2\/posts\/47921","targetHints":{"allow":["GET"]}}],"collection":[{"href":"https:\/\/www.europesays.com\/pt\/wp-json\/wp\/v2\/posts"}],"about":[{"href":"https:\/\/www.europesays.com\/pt\/wp-json\/wp\/v2\/types\/post"}],"author":[{"embeddable":true,"href":"https:\/\/www.europesays.com\/pt\/wp-json\/wp\/v2\/users\/2"}],"replies":[{"embeddable":true,"href":"https:\/\/www.europesays.com\/pt\/wp-json\/wp\/v2\/comments?post=47921"}],"version-history":[{"count":0,"href":"https:\/\/www.europesays.com\/pt\/wp-json\/wp\/v2\/posts\/47921\/revisions"}],"wp:featuredmedia":[{"embeddable":true,"href":"https:\/\/www.europesays.com\/pt\/wp-json\/wp\/v2\/media\/47922"}],"wp:attachment":[{"href":"https:\/\/www.europesays.com\/pt\/wp-json\/wp\/v2\/media?parent=47921"}],"wp:term":[{"taxonomy":"category","embeddable":true,"href":"https:\/\/www.europesays.com\/pt\/wp-json\/wp\/v2\/categories?post=47921"},{"taxonomy":"post_tag","embeddable":true,"href":"https:\/\/www.europesays.com\/pt\/wp-json\/wp\/v2\/tags?post=47921"}],"curies":[{"name":"wp","href":"https:\/\/api.w.org\/{rel}","templated":true}]}}