{"id":479225,"date":"2026-08-08T12:44:12","date_gmt":"2026-08-08T12:44:12","guid":{"rendered":"https:\/\/www.europesays.com\/pt\/479225\/"},"modified":"2026-08-08T12:44:12","modified_gmt":"2026-08-08T12:44:12","slug":"lateral-esquerdo-apontado-ao-sporting-equatoriano-custa-entre-os-10-e-os-12-milhoes-de-euros","status":"publish","type":"post","link":"https:\/\/www.europesays.com\/pt\/479225\/","title":{"rendered":"Lateral esquerdo apontado ao Sporting: equatoriano custa entre os 10 e os 12 milh\u00f5es de euros"},"content":{"rendered":"<p>&#8211; Advertisement &#8211;<\/p>\n<p><strong>Yaimar Medina \u00e9 o mais recente nome a ser apontado ao Sporting. O lateral esquerdo pertence aos quadros do Genk.<\/strong><\/p>\n<p class=\"wp-block-paragraph\">Yaimar Medina est\u00e1 a ser associado ao Sporting neste mercado de transfer\u00eancias. De acordo com o Maisfutebol, o equatoriano \u00e9 um nome que interessa aos verde e brancos para ser o substituto de Maxi Ara\u00fajo. A mesma fonte indica que o Genk quer receber uma verba entre os 10 e os 12 milh\u00f5es de euros pelo atleta.<\/p>\n<p class=\"wp-block-paragraph\">O jogador de apenas 21 anos \u00e9 mais uma das jovens promessas a ser formado no Independiente del Valle, clube que deixou em 2024 para rumar aos belgas. Yaimar Medina esteve inclusivamente presente no \u00faltimo <a href=\"https:\/\/bolanarede.pt\/etiqueta\/mundial-2026\/\" target=\"_blank\" rel=\"noreferrer noopener nofollow\">Mundial 2026<\/a>, sendo que no total da \u00e9poca somou 40 encontros, com um golo e tr\u00eas assist\u00eancias. <\/p>\n<p class=\"wp-block-paragraph\">Atualmente, o Sporting tem apenas Maxi Ara\u00fajo e Rodrigo Dias como op\u00e7\u00f5es diretas para o posto de lateral esquerdo, com Nuno Santos tamb\u00e9m a poder desempenhar fun\u00e7\u00f5es, embora esteja lesionado. Com o castigo do uruguaio, deve ser Iv\u00e1n Fresneda a desempenhar a fun\u00e7\u00e3o contra o Estrela da Amadora. <\/p>\n","protected":false},"excerpt":{"rendered":"&#8211; Advertisement &#8211; Yaimar Medina \u00e9 o mais recente nome a ser apontado ao Sporting. O lateral esquerdo&hellip;\n","protected":false},"author":2,"featured_media":479226,"comment_status":"","ping_status":"","sticky":false,"template":"","format":"standard","meta":{"footnotes":"","_share_on_mastodon":"0"},"categories":[8],"tags":[260,27,28,478,15,16,5425,14,25,26,21,22,12,13,19,20,32,23,24,33,34,17,18,29,30,31,76673],"class_list":["post-479225","post","type-post","status-publish","format-standard","has-post-thumbnail","category-principais-noticias","tag-atualidade","tag-breaking-news","tag-breakingnews","tag-destaques-bnr","tag-featured-news","tag-featurednews","tag-genk","tag-headlines","tag-latest-news","tag-latestnews","tag-main-news","tag-mainnews","tag-news","tag-noticias","tag-noticias-principais","tag-noticiasprincipais","tag-portugal","tag-principais-noticias","tag-principaisnoticias","tag-pt","tag-sporting","tag-top-stories","tag-topstories","tag-ultimas","tag-ultimas-noticias","tag-ultimasnoticias","tag-yaimar-medina"],"share_on_mastodon":{"url":"https:\/\/pubeurope.com\/@pt\/117059955650380378","error":""},"_links":{"self":[{"href":"https:\/\/www.europesays.com\/pt\/wp-json\/wp\/v2\/posts\/479225","targetHints":{"allow":["GET"]}}],"collection":[{"href":"https:\/\/www.europesays.com\/pt\/wp-json\/wp\/v2\/posts"}],"about":[{"href":"https:\/\/www.europesays.com\/pt\/wp-json\/wp\/v2\/types\/post"}],"author":[{"embeddable":true,"href":"https:\/\/www.europesays.com\/pt\/wp-json\/wp\/v2\/users\/2"}],"replies":[{"embeddable":true,"href":"https:\/\/www.europesays.com\/pt\/wp-json\/wp\/v2\/comments?post=479225"}],"version-history":[{"count":0,"href":"https:\/\/www.europesays.com\/pt\/wp-json\/wp\/v2\/posts\/479225\/revisions"}],"wp:featuredmedia":[{"embeddable":true,"href":"https:\/\/www.europesays.com\/pt\/wp-json\/wp\/v2\/media\/479226"}],"wp:attachment":[{"href":"https:\/\/www.europesays.com\/pt\/wp-json\/wp\/v2\/media?parent=479225"}],"wp:term":[{"taxonomy":"category","embeddable":true,"href":"https:\/\/www.europesays.com\/pt\/wp-json\/wp\/v2\/categories?post=479225"},{"taxonomy":"post_tag","embeddable":true,"href":"https:\/\/www.europesays.com\/pt\/wp-json\/wp\/v2\/tags?post=479225"}],"curies":[{"name":"wp","href":"https:\/\/api.w.org\/{rel}","templated":true}]}}