{"id":47936,"date":"2025-08-27T22:34:09","date_gmt":"2025-08-27T22:34:09","guid":{"rendered":"https:\/\/www.europesays.com\/pt\/47936\/"},"modified":"2025-08-27T22:34:09","modified_gmt":"2025-08-27T22:34:09","slug":"todos-os-concertos-marcados-para-2025-em-portugal-3","status":"publish","type":"post","link":"https:\/\/www.europesays.com\/pt\/47936\/","title":{"rendered":"Todos os concertos marcados para 2025 em Portugal"},"content":{"rendered":"<p><strong>FESTIVAL DO CRATO<\/strong><br \/>Vila do Crato, Alentejo, entre 27 e 30 de agosto<\/p>\n<p>27 de agosto<br \/>Mizzy Miles e Plut\u00f3nio<\/p>\n<p>28 de agosto<br \/>Lon3r Johny e Prof Jam<\/p>\n<p>29 de agosto<br \/>Skunk Anansie, Lu\u00eds Trigacheiro e convidados<\/p>\n<p>30 de agosto<br \/>Fernando Daniel e Nena<\/p>\n<p>  <a href=\"https:\/\/expresso.pt\/promo\/data\/content\/binaries\/custom\/expresso\/digital\/COGB6.html?returnUrl=https:\/\/expresso.pt\/blitz\/2025-08-27-todos-os-concertos-marcados-para-2025-em-portugal-53436cea&amp;utm_source=expresso&amp;utm_medium=locked_article&amp;locked=true&amp;article_id=a9fcc2f2-ea5f-4e94-9bda-7bc920c6998d&amp;author_id=BLITZ&amp;category=Blitz\" target=\"_self\" class=\"\" rel=\"nofollow noopener\">Subscrever<\/a>J\u00e1 \u00e9 Subscritor?Fa\u00e7a login e continue a ler<a href=\"http:\/\/expresso.pt\/codigo?redirectUrl=https:\/\/expresso.pt\/blitz\/2025-08-27-todos-os-concertos-marcados-para-2025-em-portugal-53436cea\" target=\"_self\" class=\"\" rel=\"nofollow noopener\">Inserir C\u00f3digo<\/a>Comprou o Expresso?Insira o c\u00f3digo presente na Revista E para continuar a ler<\/p>\n","protected":false},"excerpt":{"rendered":"FESTIVAL DO CRATOVila do Crato, Alentejo, entre 27 e 30 de agosto 27 de agostoMizzy Miles e Plut\u00f3nio&hellip;\n","protected":false},"author":2,"featured_media":22691,"comment_status":"","ping_status":"","sticky":false,"template":"","format":"standard","meta":{"footnotes":""},"categories":[85],"tags":[114,115,32,33],"class_list":{"0":"post-47936","1":"post","2":"type-post","3":"status-publish","4":"format-standard","5":"has-post-thumbnail","7":"category-entretenimento","8":"tag-entertainment","9":"tag-entretenimento","10":"tag-portugal","11":"tag-pt"},"share_on_mastodon":{"url":"","error":""},"_links":{"self":[{"href":"https:\/\/www.europesays.com\/pt\/wp-json\/wp\/v2\/posts\/47936","targetHints":{"allow":["GET"]}}],"collection":[{"href":"https:\/\/www.europesays.com\/pt\/wp-json\/wp\/v2\/posts"}],"about":[{"href":"https:\/\/www.europesays.com\/pt\/wp-json\/wp\/v2\/types\/post"}],"author":[{"embeddable":true,"href":"https:\/\/www.europesays.com\/pt\/wp-json\/wp\/v2\/users\/2"}],"replies":[{"embeddable":true,"href":"https:\/\/www.europesays.com\/pt\/wp-json\/wp\/v2\/comments?post=47936"}],"version-history":[{"count":0,"href":"https:\/\/www.europesays.com\/pt\/wp-json\/wp\/v2\/posts\/47936\/revisions"}],"wp:featuredmedia":[{"embeddable":true,"href":"https:\/\/www.europesays.com\/pt\/wp-json\/wp\/v2\/media\/22691"}],"wp:attachment":[{"href":"https:\/\/www.europesays.com\/pt\/wp-json\/wp\/v2\/media?parent=47936"}],"wp:term":[{"taxonomy":"category","embeddable":true,"href":"https:\/\/www.europesays.com\/pt\/wp-json\/wp\/v2\/categories?post=47936"},{"taxonomy":"post_tag","embeddable":true,"href":"https:\/\/www.europesays.com\/pt\/wp-json\/wp\/v2\/tags?post=47936"}],"curies":[{"name":"wp","href":"https:\/\/api.w.org\/{rel}","templated":true}]}}