{"id":47949,"date":"2025-08-27T22:51:32","date_gmt":"2025-08-27T22:51:32","guid":{"rendered":"https:\/\/www.europesays.com\/pt\/47949\/"},"modified":"2025-08-27T22:51:32","modified_gmt":"2025-08-27T22:51:32","slug":"farage-promete-deportacoes-em-massa-se-for-eleito-primeiro-ministro-do-reino-unido","status":"publish","type":"post","link":"https:\/\/www.europesays.com\/pt\/47949\/","title":{"rendered":"Farage promete deporta\u00e7\u00f5es em massa se for eleito primeiro-ministro do Reino Unido"},"content":{"rendered":"<p>Nigel Farage, o populista de direita que h\u00e1 anos agita a pol\u00edtica brit\u00e2nica, <a href=\"https:\/\/www.bbc.co.uk\/programmes\/p0lz4khv\" target=\"_blank\" rel=\"noopener noreferrer nofollow\">defendeu esta ter\u00e7a-feira<\/a> a deporta\u00e7\u00e3o de at\u00e9 600 mil imigrantes indocumentados do Reino Unido, caso o seu partido, o Reform U.K., ven\u00e7a as elei\u00e7\u00f5es legislativas previstas para 2029.<\/p>\n<p>A posi\u00e7\u00e3o marca uma invers\u00e3o face ao que o pr\u00f3prio afirmara h\u00e1 apenas um ano, quando considerava \u201cpoliticamente imposs\u00edvel\u201d a expuls\u00e3o de centenas de milhares de estrangeiros em situa\u00e7\u00e3o irregular, <a target=\"_blank\" rel=\"noopener noreferrer\">como recorda o jornal norte-americano \u201cThe New York Times&#8221;<\/a><\/p>\n<p>O plano foi imediatamente criticado por organiza\u00e7\u00f5es de defesa dos direitos humanos, que alertam para o risco de requerentes de asilo serem enviados de volta para pa\u00edses como o Afeganist\u00e3o ou o Ir\u00e3o, onde poderiam enfrentar persegui\u00e7\u00e3o, tortura ou mesmo a morte.<\/p>\n<p>Farage, que disse que <a href=\"https:\/\/news.sky.com\/story\/nigel-farage-has-another-leave-campaign-how-would-it-work-and-how-might-you-be-impacted-13418933\" target=\"_blank\" rel=\"noopener noreferrer nofollow\">retiraria o Reino Unido da Conven\u00e7\u00e3o Europeia dos Direitos Humanos<\/a> (ECHR, na sigla em ingl\u00eas), desvalorizou as preocupa\u00e7\u00f5es apresentadas por v\u00e1rias ONGs: \u201cN\u00e3o podemos ser respons\u00e1veis por todos os pecados que acontecem no mundo\u201d, afirmou, acrescentando que as obje\u00e7\u00f5es ao seu projeto s\u00e3o sobretudo de natureza pr\u00e1tica e n\u00e3o moral.<\/p>\n<p>O atual primeiro-ministro, o trabalhista Keir Starmer, tamb\u00e9m tem refor\u00e7ado a ret\u00f3rica contra a imigra\u00e7\u00e3o ilegal, divulgando regularmente nas redes sociais medidas do Governo para travar as chegadas. Entre elas est\u00e1 um novo acordo que <a href=\"https:\/\/news.sky.com\/story\/migrants-to-be-deported-to-france-within-weeks-as-farage-vows-to-scrap-human-rights-law-13418504\" target=\"_blank\" rel=\"noopener noreferrer nofollow\">prev\u00ea a devolu\u00e7\u00e3o a Fran\u00e7a de alguns requerentes de asilo<\/a> que atravessem o Canal da Mancha em embarca\u00e7\u00f5es fr\u00e1geis. Dever\u00e1 ser posto em pr\u00e1tica \u201cdentro de semanas\u201d.<\/p>\n","protected":false},"excerpt":{"rendered":"Nigel Farage, o populista de direita que h\u00e1 anos agita a pol\u00edtica brit\u00e2nica, defendeu esta ter\u00e7a-feira a deporta\u00e7\u00e3o&hellip;\n","protected":false},"author":2,"featured_media":47950,"comment_status":"","ping_status":"","sticky":false,"template":"","format":"standard","meta":{"footnotes":""},"categories":[50],"tags":[27,28,15,16,14,25,26,21,22,62,12,13,19,20,23,24,17,18,29,30,31,63,64,65],"class_list":{"0":"post-47949","1":"post","2":"type-post","3":"status-publish","4":"format-standard","5":"has-post-thumbnail","7":"category-mundo","8":"tag-breaking-news","9":"tag-breakingnews","10":"tag-featured-news","11":"tag-featurednews","12":"tag-headlines","13":"tag-latest-news","14":"tag-latestnews","15":"tag-main-news","16":"tag-mainnews","17":"tag-mundo","18":"tag-news","19":"tag-noticias","20":"tag-noticias-principais","21":"tag-noticiasprincipais","22":"tag-principais-noticias","23":"tag-principaisnoticias","24":"tag-top-stories","25":"tag-topstories","26":"tag-ultimas","27":"tag-ultimas-noticias","28":"tag-ultimasnoticias","29":"tag-world","30":"tag-world-news","31":"tag-worldnews"},"share_on_mastodon":{"url":"","error":""},"_links":{"self":[{"href":"https:\/\/www.europesays.com\/pt\/wp-json\/wp\/v2\/posts\/47949","targetHints":{"allow":["GET"]}}],"collection":[{"href":"https:\/\/www.europesays.com\/pt\/wp-json\/wp\/v2\/posts"}],"about":[{"href":"https:\/\/www.europesays.com\/pt\/wp-json\/wp\/v2\/types\/post"}],"author":[{"embeddable":true,"href":"https:\/\/www.europesays.com\/pt\/wp-json\/wp\/v2\/users\/2"}],"replies":[{"embeddable":true,"href":"https:\/\/www.europesays.com\/pt\/wp-json\/wp\/v2\/comments?post=47949"}],"version-history":[{"count":0,"href":"https:\/\/www.europesays.com\/pt\/wp-json\/wp\/v2\/posts\/47949\/revisions"}],"wp:featuredmedia":[{"embeddable":true,"href":"https:\/\/www.europesays.com\/pt\/wp-json\/wp\/v2\/media\/47950"}],"wp:attachment":[{"href":"https:\/\/www.europesays.com\/pt\/wp-json\/wp\/v2\/media?parent=47949"}],"wp:term":[{"taxonomy":"category","embeddable":true,"href":"https:\/\/www.europesays.com\/pt\/wp-json\/wp\/v2\/categories?post=47949"},{"taxonomy":"post_tag","embeddable":true,"href":"https:\/\/www.europesays.com\/pt\/wp-json\/wp\/v2\/tags?post=47949"}],"curies":[{"name":"wp","href":"https:\/\/api.w.org\/{rel}","templated":true}]}}