{"id":479702,"date":"2026-08-08T21:11:16","date_gmt":"2026-08-08T21:11:16","guid":{"rendered":"https:\/\/www.europesays.com\/pt\/479702\/"},"modified":"2026-08-08T21:11:16","modified_gmt":"2026-08-08T21:11:16","slug":"mais-de-centena-e-meia-de-operacionais-e-oito-meios-aereos-combatem-chamas-em-carrazeda-de-ansiaes","status":"publish","type":"post","link":"https:\/\/www.europesays.com\/pt\/479702\/","title":{"rendered":"Mais de centena e meia de operacionais e oito meios a\u00e9reos combatem chamas em Carrazeda de Ansi\u00e3es"},"content":{"rendered":"\n<p>&#13;<br \/>\nQuase 170 operacionais e oito meios a\u00e9reos combatem hoje \u00e0 tarde um inc\u00eandio em mato em Linhares, no concelho de Carrazeda de Ansi\u00e3es, indicou a Prote\u00e7\u00e3o Civil, avan\u00e7ando que o fogo lavra numa zona de dif\u00edcil acesso.&#13;\n<\/p>\n<p>&#13;<br \/>\nFonte da Autoridade Nacional de Emerg\u00eancia e Prote\u00e7\u00e3o Civil (ANEPC) afirmou \u00e0 Lusa que o inc\u00eandio no concelho de Carrazeda de Ansi\u00e3es est\u00e1 a lavrar numa zona de dif\u00edcil acesso, existindo &#8220;bastante vento&#8221; pelo que os meios v\u00e3o ser refor\u00e7ados.&#13;\n<\/p>\n<p>&#13;<br \/>\nSegundo a ANEPC, o fogo estava, \u00e0s 16:30, a ser combatido por 168 operacionais, auxiliados por 44 ve\u00edculos e oito meios a\u00e9reos.&#13;\n<\/p>\n<p>&#13;<br \/>\nA mesma fonte disse ainda que este inc\u00eandio no concelho de Carrazeda de Ansi\u00e3es \u00e9 o que est\u00e1 a causar mais preocupa\u00e7\u00e3o hoje \u00e0 tarde no pa\u00eds.&#13;<\/p>\n","protected":false},"excerpt":{"rendered":"&#13; Quase 170 operacionais e oito meios a\u00e9reos combatem hoje \u00e0 tarde um inc\u00eandio em mato em Linhares,&hellip;\n","protected":false},"author":2,"featured_media":479703,"comment_status":"","ping_status":"","sticky":false,"template":"","format":"standard","meta":{"footnotes":"","_share_on_mastodon":"0"},"categories":[10],"tags":[27,28,76745,15,16,14,2830,25,26,21,22,12,13,19,20,32,23,24,6821,33,17,18,29,30,31],"class_list":["post-479702","post","type-post","status-publish","format-standard","has-post-thumbnail","category-portugal","tag-breaking-news","tag-breakingnews","tag-carrazeda-ansiaes-carrazeda-ansiaes-braganca","tag-featured-news","tag-featurednews","tag-headlines","tag-incendios","tag-latest-news","tag-latestnews","tag-main-news","tag-mainnews","tag-news","tag-noticias","tag-noticias-principais","tag-noticiasprincipais","tag-portugal","tag-principais-noticias","tag-principaisnoticias","tag-protecao","tag-pt","tag-top-stories","tag-topstories","tag-ultimas","tag-ultimas-noticias","tag-ultimasnoticias"],"share_on_mastodon":{"url":"https:\/\/pubeurope.com\/@pt\/117061948742376460","error":""},"_links":{"self":[{"href":"https:\/\/www.europesays.com\/pt\/wp-json\/wp\/v2\/posts\/479702","targetHints":{"allow":["GET"]}}],"collection":[{"href":"https:\/\/www.europesays.com\/pt\/wp-json\/wp\/v2\/posts"}],"about":[{"href":"https:\/\/www.europesays.com\/pt\/wp-json\/wp\/v2\/types\/post"}],"author":[{"embeddable":true,"href":"https:\/\/www.europesays.com\/pt\/wp-json\/wp\/v2\/users\/2"}],"replies":[{"embeddable":true,"href":"https:\/\/www.europesays.com\/pt\/wp-json\/wp\/v2\/comments?post=479702"}],"version-history":[{"count":0,"href":"https:\/\/www.europesays.com\/pt\/wp-json\/wp\/v2\/posts\/479702\/revisions"}],"wp:featuredmedia":[{"embeddable":true,"href":"https:\/\/www.europesays.com\/pt\/wp-json\/wp\/v2\/media\/479703"}],"wp:attachment":[{"href":"https:\/\/www.europesays.com\/pt\/wp-json\/wp\/v2\/media?parent=479702"}],"wp:term":[{"taxonomy":"category","embeddable":true,"href":"https:\/\/www.europesays.com\/pt\/wp-json\/wp\/v2\/categories?post=479702"},{"taxonomy":"post_tag","embeddable":true,"href":"https:\/\/www.europesays.com\/pt\/wp-json\/wp\/v2\/tags?post=479702"}],"curies":[{"name":"wp","href":"https:\/\/api.w.org\/{rel}","templated":true}]}}