{"id":479714,"date":"2026-08-08T21:32:37","date_gmt":"2026-08-08T21:32:37","guid":{"rendered":"https:\/\/www.europesays.com\/pt\/479714\/"},"modified":"2026-08-08T21:32:37","modified_gmt":"2026-08-08T21:32:37","slug":"cinco-contos-de-clarice-lispector-chegam-aos-cinemas-em-rio-de-clarice","status":"publish","type":"post","link":"https:\/\/www.europesays.com\/pt\/479714\/","title":{"rendered":"Cinco contos de Clarice Lispector chegam aos cinemas em &#8216;Rio de Clarice&#8217;"},"content":{"rendered":"<p>Filme adapta os contos &#8216;Feliz anivers\u00e1rio&#8217;, &#8216;Mal-estar de um anjo&#8217;, &#8216;A bela e a fera&#8217; ou &#8216;A ferida grande demais&#8217;, &#8216;Amor&#8217; e &#8216;Preciosidade&#8217;, retomando temas recorrentes da obra da escritora<\/p>\n<p><img loading=\"lazy\" decoding=\"async\" src=\"https:\/\/www.europesays.com\/pt\/wp-content\/uploads\/2026\/08\/6pkVxFPJySRZmLCgG1BLgNNunpyjfbOJHJ02IHz7CjPNncbz0ZHZGZWWc2cGwpXQqhoM1fbTbQu2z5D6.jpg\" width=\"795\" height=\"548\" alt=\"Est\u00e1tua de Clarice Lispector no Leme \u00a9 Fernando Fraz\u00e3o \/ Ag\u00eancia Brasil\" title=\"Est\u00e1tua de Clarice Lispector no Leme \u00a9 Fernando Fraz\u00e3o \/ Ag\u00eancia Brasil\" \/><\/p>\n<p>Est\u00e1tua de Clarice Lispector no Leme \u00a9 Fernando Fraz\u00e3o \/ Ag\u00eancia Brasil<\/p>\n<p>Cinco contos de <a href=\"https:\/\/www.publishnews.com.br\/etiquetas\/clarice-lispector\" target=\"_blank\" rel=\"nofollow noopener\">Clarice Lispector<\/a> chegam aos cinemas na quinta-feira da semana que vem, 13 de agosto, reunidos no longa-metragem Rio de Clarice. Dirigido por Maria Luiza Aboim, Eunice Gutman, Nicole Allgranti, Taciana Oliveira e Barbara Kahane, o filme adapta os contos Feliz anivers\u00e1rio, Mal-estar de um anjo, A bela e a fera ou A ferida grande demais, Amor e Preciosidade, retomando temas recorrentes da obra da escritora, como a investiga\u00e7\u00e3o da subjetividade, os conflitos interiores e as rela\u00e7\u00f5es humanas.<\/p>\n<p>Levar para o cinema a intensidade psicol\u00f3gica e as epifanias do cotidiano presentes na obra de Clarice norteou o processo de adapta\u00e7\u00e3o, segundo Nicole Allgranti, sobrinha-neta da escritora e uma das roteiristas do longa. &#8220;Um dos grandes desafios desse projeto foi traduzir para a tela do cinema a intensidade psicol\u00f3gica e as epifanias do cotidiano que marcam a obra da Clarice. O filme \u00e9 um mergulho muito fiel na complexidade humana dessas personagens e dessas hist\u00f3rias&#8221;, afirma, no release.\n <\/p>\n<p>O roteiro \u00e9 assinado por Nicole Allgranti em parceria com Teresa Montero, bi\u00f3grafa e uma das principais pesquisadoras da vida e da obra de Clarice Lispector. A produ\u00e7\u00e3o \u00e9 da Taboca Produ\u00e7\u00f5es Art\u00edsticas e da Aboim Produ\u00e7\u00f5es e Artes, com distribui\u00e7\u00e3o da Bretz Filmes.\n <\/p>\n<p>Ao todo, o longa re\u00fane cerca de 20 atores no elenco, entre eles Louise Cardoso, Luc\u00e9lia Santos, Let\u00edcia Spiller, Guida Vianna, Let\u00edcia Isnard, Bia Sion, Julio Levy, Hugo Bon\u00e8mer e Fl\u00e1vio Bauraqui.\n <\/p>\n<p>Cada segmento \u00e9 dirigido por uma cineasta diferente. Em Feliz Anivers\u00e1rio, Maria Luiza Aboim retrata uma celebra\u00e7\u00e3o familiar marcada por ressentimentos. Eunice Gutman dirige Mal-estar de um Anjo, sobre um encontro inesperado que desencadeia um conflito psicol\u00f3gico. Nicole Allgranti adapta A Bela e a Fera ou A Ferida Grande Demais, colocando uma mulher da elite diante de uma realidade social distinta. Taciana Oliveira transp\u00f5e Amor para o contexto de uma fam\u00edlia judaica ortodoxa, enquanto Barbara Kahane dirige Preciosidade, narrativa sobre o impacto de um epis\u00f3dio de ass\u00e9dio na vida de uma adolescente.\n<\/p>\n<p>Assista ao trailer e coloque na agenda:<\/p>\n","protected":false},"excerpt":{"rendered":"Filme adapta os contos &#8216;Feliz anivers\u00e1rio&#8217;, &#8216;Mal-estar de um anjo&#8217;, &#8216;A bela e a fera&#8217; ou &#8216;A ferida&hellip;\n","protected":false},"author":2,"featured_media":479715,"comment_status":"","ping_status":"","sticky":false,"template":"","format":"standard","meta":{"footnotes":"","_share_on_mastodon":"0"},"categories":[140],"tags":[868,877,867,869,872,873,880,114,115,874,870,875,147,148,878,879,864,876,237,871,865,866,146,13,32,33],"class_list":["post-479714","post","type-post","status-publish","format-standard","has-post-thumbnail","category-filmes","tag-best-seller","tag-biblioteca","tag-bienal-do-livro","tag-clipping","tag-e-book","tag-ebook","tag-editora","tag-entertainment","tag-entretenimento","tag-escritor","tag-eventos","tag-festival-literario","tag-film","tag-filmes","tag-lancamentos","tag-leitura","tag-literatura","tag-livraria","tag-livro","tag-livro-digital","tag-mercado-editorial","tag-mercado-livreiro","tag-movies","tag-noticias","tag-portugal","tag-pt"],"share_on_mastodon":{"url":"https:\/\/pubeurope.com\/@pt\/117062033126880016","error":""},"_links":{"self":[{"href":"https:\/\/www.europesays.com\/pt\/wp-json\/wp\/v2\/posts\/479714","targetHints":{"allow":["GET"]}}],"collection":[{"href":"https:\/\/www.europesays.com\/pt\/wp-json\/wp\/v2\/posts"}],"about":[{"href":"https:\/\/www.europesays.com\/pt\/wp-json\/wp\/v2\/types\/post"}],"author":[{"embeddable":true,"href":"https:\/\/www.europesays.com\/pt\/wp-json\/wp\/v2\/users\/2"}],"replies":[{"embeddable":true,"href":"https:\/\/www.europesays.com\/pt\/wp-json\/wp\/v2\/comments?post=479714"}],"version-history":[{"count":0,"href":"https:\/\/www.europesays.com\/pt\/wp-json\/wp\/v2\/posts\/479714\/revisions"}],"wp:featuredmedia":[{"embeddable":true,"href":"https:\/\/www.europesays.com\/pt\/wp-json\/wp\/v2\/media\/479715"}],"wp:attachment":[{"href":"https:\/\/www.europesays.com\/pt\/wp-json\/wp\/v2\/media?parent=479714"}],"wp:term":[{"taxonomy":"category","embeddable":true,"href":"https:\/\/www.europesays.com\/pt\/wp-json\/wp\/v2\/categories?post=479714"},{"taxonomy":"post_tag","embeddable":true,"href":"https:\/\/www.europesays.com\/pt\/wp-json\/wp\/v2\/tags?post=479714"}],"curies":[{"name":"wp","href":"https:\/\/api.w.org\/{rel}","templated":true}]}}