{"id":47991,"date":"2025-08-27T23:39:10","date_gmt":"2025-08-27T23:39:10","guid":{"rendered":"https:\/\/www.europesays.com\/pt\/47991\/"},"modified":"2025-08-27T23:39:10","modified_gmt":"2025-08-27T23:39:10","slug":"afinal-qual-a-ligacao-de-diogo-bordin-a-antonio-leal-e-silva-ex-concorrente-conta-tudo-big-brother","status":"publish","type":"post","link":"https:\/\/www.europesays.com\/pt\/47991\/","title":{"rendered":"Afinal, qual a liga\u00e7\u00e3o de Diogo Bordin a Ant\u00f3nio Leal e Silva? Ex-concorrente conta tudo &#8211; Big Brother"},"content":{"rendered":"<p style=\"margin-bottom:11px\"><a href=\"https:\/\/tvi.iol.pt\/bigbrother\/carolina-braga\/diogo-bordin\/acabou-diogo-bordin-e-carolina-braga-do-big-brother-2025-anunciam-separacao\" rel=\"nofollow noopener\" target=\"_blank\">Diogo Bordin separou-se de Carolina Braga ap\u00f3s dois meses de namoro<\/a> e desde ent\u00e3o que tem estado muito pr\u00f3ximo do comentador, Ant\u00f3nio Leal e Silva, gerando rumores. Em declara\u00e7\u00f5es \u00e0 revista &#8216;TV Guia&#8217;, o ex-concorrente do Big Brother esclareceu tudo.\u00a0<\/p>\n<p style=\"margin-bottom:11px\">\u00abEstou numa fase muito minha. Ainda me estou encontrando com tudo isto. Tem sido um dia de cada vez. Quero tudo de bom para ela. S\u00f3 n\u00e3o deu para ficarmos juntos. Acontece\u00bb, come\u00e7ou por referir Diogo Bordin.<\/p>\n<p style=\"margin-bottom:11px\">\u00a0<\/p>\n<p style=\"margin-bottom:11px\">Concretamente sobre o comentador, o brasileiro explicou: \u00abEle \u00e9 meu amigo e agrade\u00e7o todo o seu apoio. Tem-me ajudado nesta fase em que subitamente fiquei sozinho em Portugal. \u00c9 uma amizade normal. Temos estado mais juntos desde que me separei da Carol\u2026 porque tem sido uma fase complicada \u00e0 qual ainda me estou a habituar\u00bb.<\/p>\n<p style=\"margin-bottom:11px\">Diogo Bordin falou ainda sobre a fam\u00edlia &#8211; que est\u00e1 no Brasil &#8211; \u00e0 mesma publica\u00e7\u00e3o: \u00abTenho um grupo de f\u00e3s que envia tudo aos meus pais. Mas est\u00e1 tudo bem. Eles sabem que ele me tem ajudado nesta fase e at\u00e9 agradecem\u00bb, rematou.\u00a0<\/p>\n<p><strong>A verdade da separa\u00e7\u00e3o<\/strong> <\/p>\n<p>Muito se tem falado sobre o fim da rela\u00e7\u00e3o de Diogo e Carolina e <a href=\"https:\/\/tvi.iol.pt\/bigbrother\/diogo-bordin\/carolina-braga\/toda-a-verdade-sobre-o-fim-do-namoro-de-diogo-bordin-e-carolina-braga\" rel=\"nofollow noopener\" target=\"_blank\"><strong>Ant\u00f3nio Leal e Silva<\/strong>\u00a0veio esclarecer as circunst\u00e2ncias.<\/a> O comentador garantiu que os agora ex-namorados se continuam a dar bem e que a rutura aconteceu de \u00abcomum acordo\u00bb.<\/p>\n<p>\u00abEles tiveram uma rela\u00e7\u00e3o, como toda a gente sabe. Eu acho que acabou, e a informa\u00e7\u00e3o que tenho \u00e9 que acabou de comum acordo. S\u00e3o duas pessoas civilizadas, que gostam um do outro, que se d\u00e3o bem. N\u00e3o se separaram porque houve conflito, separaram-se porque entenderam os dois\u00bb, declarou.<\/p>\n<p>\u00abEle tem 37 anos, \u00e9 um homem feito. Ela \u00e9 mais nova (\u2026) Mas s\u00e3o pessoas que sabem o que querem. Tomaram uma decis\u00e3o e a vida deles diz respeito apenas a eles \u2014 n\u00e3o diz respeito a f\u00e3s nem a mais ningu\u00e9m\u00bb, fez quest\u00e3o de frisar Ant\u00f3nio Leal e Silva. \u00a0<\/p>\n<p>Ap\u00f3s o fim do namoro, D<a href=\"https:\/\/tvi.iol.pt\/vmais\/videos\/diogo-bordin-abandona-portugal-para-fugir-da-pressao-mediatica\/68a350730cf216cd3ad3a04d\" rel=\"nofollow noopener\" target=\"_blank\">iogo Bordin \u2018fugiu\u2019 de Portugal e foi de f\u00e9rias para longe do Pa\u00eds.<\/a>\u00a0Entretanto j\u00e1 regressou e foi visto <a href=\"https:\/\/tvi.iol.pt\/bigbrother\/diogo-bordin\/big-brother-2025\/ja-em-portugal-diogo-bordin-mostra-se-na-praia-com-companhia-especial\" rel=\"nofollow noopener\" target=\"_blank\">na praia bem acompanhado.\u00a0<\/a><\/p>\n","protected":false},"excerpt":{"rendered":"Diogo Bordin separou-se de Carolina Braga ap\u00f3s dois meses de namoro e desde ent\u00e3o que tem estado muito&hellip;\n","protected":false},"author":2,"featured_media":18817,"comment_status":"","ping_status":"","sticky":false,"template":"","format":"standard","meta":{"footnotes":""},"categories":[142],"tags":[6990,331,48,2072,329,333,328,335,6989,336,114,115,334,332,330,13,32,33,151,162,227],"class_list":{"0":"post-47991","1":"post","2":"type-post","3":"status-publish","4":"format-standard","5":"has-post-thumbnail","7":"category-tv","8":"tag-antonio-leal-e-silva","9":"tag-big","10":"tag-big-brother","11":"tag-carolina-braga","12":"tag-claudio-ramos","13":"tag-comentadores","14":"tag-concorrentes","15":"tag-confrontos","16":"tag-diogo-bordin","17":"tag-discussoes","18":"tag-entertainment","19":"tag-entretenimento","20":"tag-exclusivos","21":"tag-expulso","22":"tag-gala","23":"tag-noticias","24":"tag-portugal","25":"tag-pt","26":"tag-tv","27":"tag-tvi","28":"tag-videos"},"share_on_mastodon":{"url":"","error":""},"_links":{"self":[{"href":"https:\/\/www.europesays.com\/pt\/wp-json\/wp\/v2\/posts\/47991","targetHints":{"allow":["GET"]}}],"collection":[{"href":"https:\/\/www.europesays.com\/pt\/wp-json\/wp\/v2\/posts"}],"about":[{"href":"https:\/\/www.europesays.com\/pt\/wp-json\/wp\/v2\/types\/post"}],"author":[{"embeddable":true,"href":"https:\/\/www.europesays.com\/pt\/wp-json\/wp\/v2\/users\/2"}],"replies":[{"embeddable":true,"href":"https:\/\/www.europesays.com\/pt\/wp-json\/wp\/v2\/comments?post=47991"}],"version-history":[{"count":0,"href":"https:\/\/www.europesays.com\/pt\/wp-json\/wp\/v2\/posts\/47991\/revisions"}],"wp:featuredmedia":[{"embeddable":true,"href":"https:\/\/www.europesays.com\/pt\/wp-json\/wp\/v2\/media\/18817"}],"wp:attachment":[{"href":"https:\/\/www.europesays.com\/pt\/wp-json\/wp\/v2\/media?parent=47991"}],"wp:term":[{"taxonomy":"category","embeddable":true,"href":"https:\/\/www.europesays.com\/pt\/wp-json\/wp\/v2\/categories?post=47991"},{"taxonomy":"post_tag","embeddable":true,"href":"https:\/\/www.europesays.com\/pt\/wp-json\/wp\/v2\/tags?post=47991"}],"curies":[{"name":"wp","href":"https:\/\/api.w.org\/{rel}","templated":true}]}}