{"id":479960,"date":"2026-08-09T03:04:14","date_gmt":"2026-08-09T03:04:14","guid":{"rendered":"https:\/\/www.europesays.com\/pt\/479960\/"},"modified":"2026-08-09T03:04:14","modified_gmt":"2026-08-09T03:04:14","slug":"inedito-gisele-bundchen-mostra-filho-de-1-ano-a-imitar-o-treino-dela","status":"publish","type":"post","link":"https:\/\/www.europesays.com\/pt\/479960\/","title":{"rendered":"In\u00e9dito! Gisele B\u00fcndchen mostra filho de 1 ano a imitar o treino dela"},"content":{"rendered":"<p>Gisele B\u00fcndchen mostrou o seu filho mais novo, de apenas um ano, a replicar os seus movimentos enquanto treinava.<\/p>\n<p>A supermodelo, de 46 anos, partilhou a 8 de agosto de 2026, um s\u00e1bado, uma fotografia rara no Instagram que oferece um vislumbre da sua vida familiar com o filho que tem em comum com o marido, Joaquim Valente.<\/p>\n<p style=\"text-align:center;margin:28px 0;\"><a href=\"https:\/\/www.google.com\/preferences\/source?q=dioguinho.com\" target=\"_blank\" rel=\"nofollow noopener\" style=\"display:inline-flex !important;align-items:center !important;gap:8px;padding:10px 18px;background:#ffffff;border:1px solid #dadce0;border-radius:999px;color:#3c4043;font-family:Roboto,Arial,sans-serif;font-size:15px;font-weight:700;text-decoration:none;line-height:1.3;box-sizing:border-box;max-width:100%;\"><img loading=\"lazy\" decoding=\"async\" title=\"Novo Fonte preferida no Google\" src=\"https:\/\/www.europesays.com\/pt\/wp-content\/uploads\/2026\/08\/1786244653_128_googleg_48dp.png\" alt=\"Google\" width=\"18\" height=\"18\" style=\"display:inline-block !important;flex-shrink:0 !important;vertical-align:middle !important;margin:0 !important;border:0 !important;width:18px !important;height:18px !important;float:none !important;\"\/>Tornar o Dioguinho a tua fonte preferida no Google<\/a><\/p>\n<p>Na imagem, captada no conv\u00e9s de um iate, Gisele aparece inclinada, com as m\u00e3os em pesos e uma banda de resist\u00eancia nas pernas. Ao seu lado, o filho, cujo nome nunca foi revelado publicamente, imita a postura da m\u00e3e, pousando tamb\u00e9m as m\u00e3os nos equipamentos de exerc\u00edcio.<\/p>\n<p>Leia tamb\u00e9m: <strong><a href=\"https:\/\/dioguinho.com\/john-goodman-irreconhecivel-aos-74-anos-ator-perdeu-mais-de-45kg-e-largou-o-alcool-em-2007\/\" target=\"_blank\" rel=\"noopener nofollow\">John Goodman irreconhec\u00edvel aos 74 anos: ator perdeu mais de 45KG e largou o \u00e1lcool em 2007<\/a><\/strong><\/p>\n<p>A manequim de 46 anos, que deu as boas-vindas ao seu filho com Joaquim Valente, de 38, em fevereiro de 2025, expressou a sua emo\u00e7\u00e3o na legenda da publica\u00e7\u00e3o, escrita em portugu\u00eas e ingl\u00eas. <strong>\u201c\u00c9 t\u00e3o querido ver como eles s\u00e3o pequeninos quando come\u00e7am a observar e a imitar o que fazemos. Est\u00e3o a aprender connosco mesmo quando n\u00e3o nos apercebemos\u201d<\/strong>, escreveu.<\/p>\n<p>Gisele lembrou a import\u00e2ncia do exemplo: <strong>\u201cMomentos como este lembram-me que as minhas a\u00e7\u00f5es importam mais do que aquilo que digo, porque grande parte do que se est\u00e3o a tornar \u00e9 moldado pelo exemplo que veem todos os dias. Que presente e que bela responsabilidade \u00e9 ser m\u00e3e, \u2764\ufe0f.\u201d<\/strong><\/p>\n<p>Leia tamb\u00e9m: <strong><a href=\"https:\/\/dioguinho.com\/ainda-estou-a-tentar-acreditar-marisa-pires-emociona-se-com-o-sim\/\" target=\"_blank\" rel=\"noopener nofollow\">\u201cAinda estou a tentar acreditar\u201d: Marisa Pires emociona-se com o \u2018sim\u2019<\/a><\/strong><\/p>\n<p>Al\u00e9m do filho mais novo, a estrela \u00e9 tamb\u00e9m m\u00e3e de Benjamin, de 16 anos, e Vivian, de 13, ambos fruto do seu casamento anterior com o ex-jogador de futebol americano Tom Brady, de 49 anos. Brady \u00e9 ainda pai de Jack, de 18 anos, da sua rela\u00e7\u00e3o com Bridget Moynahan.<\/p>\n<p>Em janeiro passado, Gisele j\u00e1 tinha partilhado um vislumbre da celebra\u00e7\u00e3o do primeiro anivers\u00e1rio do filho. Numa doce fotografia onde o beb\u00e9 surge num cavalo de brinquedo com um bal\u00e3o de <strong>\u201cFeliz Anivers\u00e1rio\u201d<\/strong>, a modelo escreveu: <strong>\u201cN\u00e3o acredito que j\u00e1 passou mais de um ano desde que vieste aben\u00e7oar as nossas vidas. Obrigada, Deus, por tanto. \u2764\ufe0f \ud83d\ude4f.\u201d<\/strong><\/p>\n<p>A modelo tinha j\u00e1 falado sobre esta nova fase da sua vida \u00e0 \u2018Vogue France\u2019, admitindo: <strong>\u201cSinto-me verdadeiramente grata: poder estar em casa com os meus filhos e desfrutar de cada momento com eles n\u00e3o tem pre\u00e7o.\u201d<\/strong><\/p>\n<p>\u00a0<\/p>\n<p><a href=\"https:\/\/www.europesays.com\/pt\/wp-content\/uploads\/2026\/08\/Gisele.webp\"><img loading=\"lazy\" decoding=\"async\" class=\"alignnone size-full wp-image-585118\" title=\"In\u00e9dito! Gisele B\u00fcndchen mostra filho de 1 ano a imitar o treino dela\" src=\"https:\/\/www.europesays.com\/pt\/wp-content\/uploads\/2026\/08\/Gisele.webp\" alt=\"In\u00e9dito! Gisele B\u00fcndchen mostra filho de 1 ano a imitar o treino dela\" width=\"1333\" height=\"1675\"  \/><\/a><\/p>\n","protected":false},"excerpt":{"rendered":"Gisele B\u00fcndchen mostrou o seu filho mais novo, de apenas um ano, a replicar os seus movimentos enquanto&hellip;\n","protected":false},"author":2,"featured_media":479961,"comment_status":"","ping_status":"","sticky":false,"template":"","format":"standard","meta":{"footnotes":"","_share_on_mastodon":"0"},"categories":[85],"tags":[114,115,981,4031,76801,18145,1015,39446,2558,32,33],"class_list":["post-479960","post","type-post","status-publish","format-standard","has-post-thumbnail","category-entretenimento","tag-entertainment","tag-entretenimento","tag-familia","tag-fitness","tag-gisele-bu00fcndchen","tag-iate","tag-instagram","tag-joaquim-valente","tag-maternidade","tag-portugal","tag-pt"],"share_on_mastodon":{"url":"https:\/\/pubeurope.com\/@pt\/117063339055012735","error":""},"_links":{"self":[{"href":"https:\/\/www.europesays.com\/pt\/wp-json\/wp\/v2\/posts\/479960","targetHints":{"allow":["GET"]}}],"collection":[{"href":"https:\/\/www.europesays.com\/pt\/wp-json\/wp\/v2\/posts"}],"about":[{"href":"https:\/\/www.europesays.com\/pt\/wp-json\/wp\/v2\/types\/post"}],"author":[{"embeddable":true,"href":"https:\/\/www.europesays.com\/pt\/wp-json\/wp\/v2\/users\/2"}],"replies":[{"embeddable":true,"href":"https:\/\/www.europesays.com\/pt\/wp-json\/wp\/v2\/comments?post=479960"}],"version-history":[{"count":0,"href":"https:\/\/www.europesays.com\/pt\/wp-json\/wp\/v2\/posts\/479960\/revisions"}],"wp:featuredmedia":[{"embeddable":true,"href":"https:\/\/www.europesays.com\/pt\/wp-json\/wp\/v2\/media\/479961"}],"wp:attachment":[{"href":"https:\/\/www.europesays.com\/pt\/wp-json\/wp\/v2\/media?parent=479960"}],"wp:term":[{"taxonomy":"category","embeddable":true,"href":"https:\/\/www.europesays.com\/pt\/wp-json\/wp\/v2\/categories?post=479960"},{"taxonomy":"post_tag","embeddable":true,"href":"https:\/\/www.europesays.com\/pt\/wp-json\/wp\/v2\/tags?post=479960"}],"curies":[{"name":"wp","href":"https:\/\/api.w.org\/{rel}","templated":true}]}}